{"id":8917,"date":"2016-11-15T19:05:02","date_gmt":"2016-11-16T00:05:02","guid":{"rendered":"http:\/\/www.biblia.work\/noticias\/iglesias-de-toda-espana-se-unen-para-orar-por-los-cristianos-perseguidos\/"},"modified":"2016-11-15T19:05:02","modified_gmt":"2016-11-16T00:05:02","slug":"iglesias-de-toda-espana-se-unen-para-orar-por-los-cristianos-perseguidos","status":"publish","type":"post","link":"https:\/\/www.biblia.work\/noticias\/iglesias-de-toda-espana-se-unen-para-orar-por-los-cristianos-perseguidos\/","title":{"rendered":"Iglesias de toda Espa\u00f1a se unen para orar por los cristianos perseguidos"},"content":{"rendered":"<p style=\"text-align: justify\">M\u00e1s de un millar de evang\u00e9licos de diversas denominaciones se reunieron el s\u00e1bado en uno los diferentes puntos de encuentro establecidos a lo largo del territorio espa\u00f1ol, para orar por los cristianos perseguidos. <\/p>\n<p style=\"text-align: justify\"> <strong>\u00bfQu\u00e9 opinas de esta noticia? Ve a <a href=\"http:\/\/www.Facebook.com\/mundocristiano\">www.Facebook.com\/mundocristiano<\/a> y comenta.<\/strong> <\/p>\n<p style=\"text-align: justify\">En total, treinta provincias han contado con una iglesia organizadora, aunque en el caso de Pontevedra y Huesca, el encuentro tendr\u00e1 lugar el pr\u00f3ximo s\u00e1bado 19 de noviembre. <\/p>\n<p style=\"text-align: justify\"> \u201cSabemos que m\u00e1s de 1.200 personas han participado en 14 de esas reuniones, as\u00ed que calculamos que el n\u00famero de participantes est\u00e1 entre 2.000 y 3.000\u201d, especifica Pau Abad, de Puertas Abiertas. <\/p>\n<p style=\"text-align: justify\">Coordinado por la organizaci\u00f3n de ayuda y defensa de los cristianos perseguidos en el mundo, Puertas Abiertas, el Encuentro Nacional de Oraci\u00f3n por la Iglesia Perseguida se celebra en el marco del D\u00eda Internacional De Oraci\u00f3n (DIDO), un llamado internacional de la Alianza Evang\u00e9lica Mundial a orar por los cristianos perseguidos. En Espa\u00f1a, el DIDO tambi\u00e9n es promovido por la Alianza Evang\u00e9lica Espa\u00f1ola, la cual tambi\u00e9n ha ofrecido en su p\u00e1gina web recursos para celebrar reuniones de oraci\u00f3n en iglesias locales los d\u00edas 13 y 20 de noviembre. <\/p>\n<p style=\"text-align: justify\"> \u201cLo que hemos hecho en este encuentro de oraci\u00f3n es escenificar la unidad del pueblo de Dios, igual que el Hijo y el Padre son uno\u201d, expresa Ted Blake, director de Puertas Abiertas Espa\u00f1a, citando el pasaje b\u00edblico de Juan 17:21, y a\u00f1ade: \u201cHemos reunido iglesias a nivel provincial, una reuni\u00f3n por provincia, para orar todos juntos a favor de la Iglesia perseguida. M\u00e1s de treinta reuniones en toda la geograf\u00eda espa\u00f1ola, el mismo d\u00eda a la misma hora, escenificando la unidad del pueblo de Dios en Espa\u00f1a, orando por la Iglesia perseguida, y este es uno de los grandes logros que hemos conseguido\u201d. <\/p>\n<p style=\"text-align: justify\">Por su parte, colaboradores y organizadores tambi\u00e9n han mostrado su satisfacci\u00f3n tras el evento. Estas son algunas impresiones del VIII Encuentro de Oraci\u00f3n por la Iglesia Perseguida: <\/p>\n<p style=\"text-align: justify\"> \u201cEn Madrid fue un \u00e9xito de convocatoria. La Iglesia de Las \u00c1guilas se llen\u00f3 de hermanos que deseaban unirse en clamor por la iglesia que sufre persecuci\u00f3n en tantos pa\u00edses del mundo. Lo que m\u00e1s nos impact\u00f3 fue la petici\u00f3n reflejada en el v\u00eddeo promocional de que no oremos para que sean librados de la persecuci\u00f3n, sino para que Dios les fortalezca para afrontar su destino sin renunciar al nombre de Jes\u00fas y a su fe. Gracias por hacernos part\u00edcipes de esto y por despertar a la iglesia que \u2018no sufre persecuci\u00f3n\u2019 para orar y clamar ante el trono de la Gracia por la iglesia que s\u00ed sufre\u201d, dice Paco S\u00e1nchez, pastor de la Iglesia Vida Nueva de Madrid. <\/p>\n<p style=\"text-align: justify\"> \u201cFue la primera ocasi\u00f3n que lo hac\u00edamos, as\u00ed que fue una oportunidad muy buena de expresar de manera visible la unidad de la iglesia de Jesucristo entre nosotros y con los hermanos perseguidos. La gente sali\u00f3 muy bendecida y expresaba su agradecimiento por esa oportunidad de hacerlo juntos. Esperamos repetir cada a\u00f1o\u201d, dice Pablo Losa, de la iglesia de Asamblea de Hermanos de Gij\u00f3n, acerca del encuentro que se organiz\u00f3 en la iglesia Asamblea de Dios Koinon\u00eda, donde asistieron m\u00e1s de 200 personas. <\/p>\n<p style=\"text-align: justify\"> \u201cHa sido un momento precioso para la gloria de Dios y, aunque era la primera vez que se hace en la provincia de Gerona, han asistido unas 60 personas de cuatro iglesias diferentes. Seguiremos trabajando y con la ayuda de Dios el pr\u00f3ximo a\u00f1o seremos much\u00edsimos m\u00e1s clamando por la iglesia perseguida\u201d, dice Edwin Henao, voluntario de Puertas Abiertas de la Iglesia Evang\u00e9lica Bautista de Figueras. <\/p>\n<p style=\"text-align: justify\"> \u201cRealmente fue de gran bendici\u00f3n. Hubo unidad en oraci\u00f3n y el material y los v\u00eddeos fueron muy buenos. Comparti\u00f3 la Palabra Patricio Ledesma, anciano de la iglesia bautista y nos deleit\u00f3 con un hermoso poema, escrito para la ocasi\u00f3n, nuestro hermano Antonio Torres. En la Iglesia La Vi\u00f1a tuvimos una muy cari\u00f1osa acogida y participaci\u00f3n\u2026 Estoy muy agradecida al Se\u00f1or por el privilegio de ser parte de este muy precioso ministerio\u201d, dice Sarah Gil, voluntaria de Puertas Abiertas en Palma de Mallorca. <\/p>\n<p style=\"text-align: justify\"> \u201cFue un tiempo de gran bendici\u00f3n donde fuimos muy bien recibidos por los hermanos de Tomelloso\u201d, dice Miguel \u00c1ngel Simarro, voluntario de Puertas Abiertas, sobre la reuni\u00f3n que se celebr\u00f3 en la Iglesia Evang\u00e9lica de Tomelloso. <\/p>\n<p style=\"text-align: justify\"> \u201cUn comentario nuevo (respecto a otros a\u00f1os) que escuch\u00e9 es que gust\u00f3 el formato del programa, ya que permite el enfoque en las peticiones espec\u00edficas. Incluso alguno que otro me dijo que se deber\u00eda hacer m\u00e1s a menudo\u201d, dice Ivonne Segui de C\u00f3rdoba, donde el encuentro tuvo lugar en la Iglesia Bautista de C\u00f3rdoba. <\/p>\n<p style=\"text-align: justify\">Puertas Abiertas desea agradecer la participaci\u00f3n de todos los asistentes que entendieron la importancia de la oraci\u00f3n unida por el pueblo de Dios que sufre por la fe en otras partes del mundo. Asimismo, la organizaci\u00f3n tambi\u00e9n agradece especialmente la colaboraci\u00f3n de las iglesias que han acogido el encuentro por el esfuerzo realizado. <\/p>\n","protected":false},"excerpt":{"rendered":"<p>M\u00e1s de un millar de evang\u00e9licos de diversas denominaciones se reunieron el s\u00e1bado en uno los diferentes puntos de encuentro establecidos a lo largo del territorio espa\u00f1ol, para orar por los cristianos perseguidos. \u00bfQu\u00e9 opinas de esta noticia? Ve a www.Facebook.com\/mundocristiano y comenta. En total, treinta provincias han contado con una iglesia organizadora, aunque en &hellip; <a href=\"https:\/\/www.biblia.work\/noticias\/iglesias-de-toda-espana-se-unen-para-orar-por-los-cristianos-perseguidos\/\" class=\"more-link\">Continuar leyendo<span class=\"screen-reader-text\"> \u00abIglesias de toda Espa\u00f1a se unen para orar por los cristianos perseguidos\u00bb<\/span><\/a><\/p>\n","protected":false},"author":1,"featured_media":0,"comment_status":"open","ping_status":"closed","sticky":false,"template":"","format":"standard","meta":{"footnotes":""},"categories":[1],"tags":[],"class_list":["post-8917","post","type-post","status-publish","format-standard","hentry","category-general"],"_links":{"self":[{"href":"https:\/\/www.biblia.work\/noticias\/wp-json\/wp\/v2\/posts\/8917","targetHints":{"allow":["GET"]}}],"collection":[{"href":"https:\/\/www.biblia.work\/noticias\/wp-json\/wp\/v2\/posts"}],"about":[{"href":"https:\/\/www.biblia.work\/noticias\/wp-json\/wp\/v2\/types\/post"}],"author":[{"embeddable":true,"href":"https:\/\/www.biblia.work\/noticias\/wp-json\/wp\/v2\/users\/1"}],"replies":[{"embeddable":true,"href":"https:\/\/www.biblia.work\/noticias\/wp-json\/wp\/v2\/comments?post=8917"}],"version-history":[{"count":0,"href":"https:\/\/www.biblia.work\/noticias\/wp-json\/wp\/v2\/posts\/8917\/revisions"}],"wp:attachment":[{"href":"https:\/\/www.biblia.work\/noticias\/wp-json\/wp\/v2\/media?parent=8917"}],"wp:term":[{"taxonomy":"category","embeddable":true,"href":"https:\/\/www.biblia.work\/noticias\/wp-json\/wp\/v2\/categories?post=8917"},{"taxonomy":"post_tag","embeddable":true,"href":"https:\/\/www.biblia.work\/noticias\/wp-json\/wp\/v2\/tags?post=8917"}],"curies":[{"name":"wp","href":"https:\/\/api.w.org\/{rel}","templated":true}]}}