{"id":8922,"date":"2016-11-16T05:15:02","date_gmt":"2016-11-16T10:15:02","guid":{"rendered":"http:\/\/www.biblia.work\/noticias\/el-papa-la-exigencia-de-aconsejar-amonestar-y-ensen%cc%83ar-no-debe-llevarnos-a-considerarnos-mejores\/"},"modified":"2016-11-16T05:15:02","modified_gmt":"2016-11-16T10:15:02","slug":"el-papa-la-exigencia-de-aconsejar-amonestar-y-ensen%cc%83ar-no-debe-llevarnos-a-considerarnos-mejores","status":"publish","type":"post","link":"https:\/\/www.biblia.work\/noticias\/el-papa-la-exigencia-de-aconsejar-amonestar-y-ensen%cc%83ar-no-debe-llevarnos-a-considerarnos-mejores\/","title":{"rendered":"El Papa: \u201cLa exigencia de aconsejar, amonestar y ensen\u0303ar no debe llevarnos a considerarnos mejores\u201d"},"content":{"rendered":"<p style=\"text-align: justify\"><span style=\"font-weight: 400\">(ZENIT- Ciudad del Vaticano).- El pr\u00f3ximo domingo, 20 de noviembre, se celebrar\u00e1 la Jornada mundial de los derechos de la infancia y de la adolescencia. Por ello, el papa Francisco ha lanzado un llamamiento, al finalizar la audiencia general, en el que ha apelado a las conciencias de todos, instituciones y familias, para que los ni\u00f1os \u201csean siempre protegidos y su bienestar tutelado\u201d para que \u201cno caigan nunca en formas de esclavitud, reclutamiento en grupos armados y maltratos\u201d. <\/span><span style=\"font-weight: 400\">Asimismo, el Pont\u00edfice ha deseado que \u201cla Comunidad internacional pueda vigilar su vida\u201d garantizando a cada ni\u00f1o y ni\u00f1a \u201cel derecho a la escuela y a la educaci\u00f3n\u201d para que \u201csu crecimiento sea sereno y miren con confianza al futuro\u201d. <\/span><\/p>\n<p style=\"text-align: justify\"><span style=\"font-weight: 400\">En la audiencia general de esta semana, la \u00faltima del A\u00f1o Santo de la Misericordia, el Papa ha reflexionado sobre la obra de misericordia que nos pide \u201csufrir con paciencia los defectos del pro\u0301jimo\u201d<\/span><span style=\"font-weight: 400\">. De este modo, en el resumen que hace el Santo Padre en espa\u00f1ol, ha explicado que en la Biblia &#8220;Dios se muestra como un Dios paciente y misericordioso, que soporta los lamentos de su pueblo&#8221;. Tambie\u0301n Jesu\u0301s \u201cfue paciente durante los tres an\u0303os de su vida pu\u0301blica\u201d, ha asegurado. <\/span><span style=\"font-weight: 400\">De este modo ha invitado a pensar en el episodio de la madre de Santiago y Juan, que pidio\u0301 para sus hijos que se sentaran uno a su derecha y otro a su izquierda en el Reino de los Cielos. Jesu\u0301s, en cambio, \u201caprovecho\u0301 esa situacio\u0301n para ensen\u0303arles y corregirles\u201d, ha precisado el Santo Padre. <\/span><\/p>\n<p style=\"text-align: justify\"><span style=\"font-weight: 400\">Asimismo, ha recordado que esta obra de misericordia espiritual esta\u0301 relacionada con otras dos: \u201ccorregir al que se equivoca\u201d y \u201censen\u0303ar al que no sabe\u201d. Supone un gran esfuerzo &#8211;ha advertido&#8211; ayudar a otros para que crezcan en la fe y caminen en la vida.<\/span><\/p>\n<p style=\"text-align: justify\"><span style=\"font-weight: 400\">En esta misma l\u00ednea ha subrayado que \u201cla exigencia de aconsejar, amonestar y ensen\u0303ar\u201d no nos ha de llevar a considerarnos mejores que los dema\u0301s, sino, ma\u0301s bien, \u201cnos impulsa a entrar en nosotros mismos\u201d para verificar \u201csi somos coherentes con lo que pedimos a los dema\u0301s\u201d.<\/span><\/p>\n<p style=\"text-align: justify\"><span style=\"font-weight: 400\">A continuaci\u00f3n, el Papa ha saludado a los peregrinos de lengua espan\u0303ola, en particular a los venidos de Espan\u0303a y Latinoame\u0301rica. As\u00ed, les ha pedido poner en pra\u0301ctica las obras de misericordia, corporales y espirituales, \u201cpara que todos puedan experimentar la presencia y ternura de Dios en sus vidas\u201d. <\/span><\/p>\n<p style=\"text-align: justify\"><span style=\"font-weight: 400\">Despu\u00e9s de los saludos en las distintas lenguas, el Pont\u00edfice ha dedicado unas palabras a los j\u00f3venes, a los enfermos y a los reci\u00e9n casados. De este modo, les ha recordado que en el mes de noviembre la liturgia nos invita a la oraci\u00f3n por los difuntos. As\u00ed, ha pedido no olvidar a quienes \u201cnos han querido\u201d y \u201cnos han precedido en la fe\u201d, como tambi\u00e9n a aquellos a los que nadie recuerda. Al respecto, el Santo Padre ha explicado que el sufragio en la celebraci\u00f3n eucar\u00edstica es la mejor ayuda espiritual que podemos ofrecer a sus almas. <\/span><\/p>\n<p style=\"text-align: justify\"><span style=\"font-weight: 400\">Por ello, el Papa ha pedido recordar con particular afecto a las v\u00edctimas del reciente terremoto en el centro de Italia: \u201crecemos por ellos y por sus familiares y continuemos siendo solidarios con los que han sufrido da\u00f1os\u201d .<\/span><\/p>\n<p><span class=\"et_bloom_bottom_trigger\"><\/span><\/p>\n<p><a href=\"https:\/\/es.zenit.org\/\" target=\"_blank\" rel=\"nofollow\">Fuente: es.zenit.org<\/a><\/p>\n","protected":false},"excerpt":{"rendered":"<p>(ZENIT- Ciudad del Vaticano).- El pr\u00f3ximo domingo, 20 de noviembre, se celebrar\u00e1 la Jornada mundial de los derechos de la infancia y de la adolescencia. Por ello, el papa Francisco ha lanzado un llamamiento, al finalizar la audiencia general, en el que ha apelado a las conciencias de todos, instituciones y familias, para que los &hellip; <a href=\"https:\/\/www.biblia.work\/noticias\/el-papa-la-exigencia-de-aconsejar-amonestar-y-ensen%cc%83ar-no-debe-llevarnos-a-considerarnos-mejores\/\" class=\"more-link\">Continuar leyendo<span class=\"screen-reader-text\"> \u00abEl Papa: \u201cLa exigencia de aconsejar, amonestar y ensen\u0303ar no debe llevarnos a considerarnos mejores\u201d\u00bb<\/span><\/a><\/p>\n","protected":false},"author":1,"featured_media":0,"comment_status":"open","ping_status":"closed","sticky":false,"template":"","format":"standard","meta":{"footnotes":""},"categories":[1],"tags":[],"class_list":["post-8922","post","type-post","status-publish","format-standard","hentry","category-general"],"_links":{"self":[{"href":"https:\/\/www.biblia.work\/noticias\/wp-json\/wp\/v2\/posts\/8922","targetHints":{"allow":["GET"]}}],"collection":[{"href":"https:\/\/www.biblia.work\/noticias\/wp-json\/wp\/v2\/posts"}],"about":[{"href":"https:\/\/www.biblia.work\/noticias\/wp-json\/wp\/v2\/types\/post"}],"author":[{"embeddable":true,"href":"https:\/\/www.biblia.work\/noticias\/wp-json\/wp\/v2\/users\/1"}],"replies":[{"embeddable":true,"href":"https:\/\/www.biblia.work\/noticias\/wp-json\/wp\/v2\/comments?post=8922"}],"version-history":[{"count":0,"href":"https:\/\/www.biblia.work\/noticias\/wp-json\/wp\/v2\/posts\/8922\/revisions"}],"wp:attachment":[{"href":"https:\/\/www.biblia.work\/noticias\/wp-json\/wp\/v2\/media?parent=8922"}],"wp:term":[{"taxonomy":"category","embeddable":true,"href":"https:\/\/www.biblia.work\/noticias\/wp-json\/wp\/v2\/categories?post=8922"},{"taxonomy":"post_tag","embeddable":true,"href":"https:\/\/www.biblia.work\/noticias\/wp-json\/wp\/v2\/tags?post=8922"}],"curies":[{"name":"wp","href":"https:\/\/api.w.org\/{rel}","templated":true}]}}