{"id":8927,"date":"2016-11-16T06:05:03","date_gmt":"2016-11-16T11:05:03","guid":{"rendered":"http:\/\/www.biblia.work\/noticias\/hoy-se-celebra-a-santa-gertrudis-patrona-de-las-personas-misticas\/"},"modified":"2016-11-16T06:05:03","modified_gmt":"2016-11-16T11:05:03","slug":"hoy-se-celebra-a-santa-gertrudis-patrona-de-las-personas-misticas","status":"publish","type":"post","link":"https:\/\/www.biblia.work\/noticias\/hoy-se-celebra-a-santa-gertrudis-patrona-de-las-personas-misticas\/","title":{"rendered":"Hoy se celebra a Santa Gertrudis, patrona de las personas m\u00edsticas"},"content":{"rendered":"<p> REDACCI\u00d3N CENTRAL, 16 Nov. 16 (ACI).-<br \/>\n\tCada 16 de noviembre se celebra la fiesta de Santa Gertrudis, vidente del Sagrado Coraz\u00f3n de Jes\u00fas y considerada patrona de las personas m\u00edsticas.<\/p>\n<p style=\"text-align: justify\">\n\tSanta Gertrudis naci\u00f3 el 6 de enero de 1256 en Alemania. A los cinco a\u00f1os fue enviada a estudiar al monasterio benedictino de Helfta, donde su hermana Santa Matilde fue abadesa y su maestra. Con el tiempo tom\u00f3 el h\u00e1bito y se hizo amiga de Santa Mechtilde de Hackeborn, quien tambi\u00e9n ten\u00eda una especial devoci\u00f3n al Coraz\u00f3n de Jes\u00fas.<\/p>\n<p style=\"text-align: justify\">\n\tMuchos siglos antes de que Cristo se le apareciera a Santa Mar\u00eda Margarita de Alacoque, Santa Gertrudis tuvo experiencias m\u00edsticas del Sagrado Coraz\u00f3n de Jes\u00fas.<\/p>\n<p style=\"text-align: justify\">\n\tLa Iglesia llama m\u00edsticas a las personas que se dedican a tratar directamente con Dios por medios de fervorosas oraciones y reciben del Se\u00f1or mensajes y revelaciones.<\/p>\n<p style=\"text-align: justify\">\n\tEn su vida cotidiana, la Santa practicaba la comuni\u00f3n frecuente y ten\u00eda mucha devoci\u00f3n a San Jos\u00e9. Se cuenta que en dos visiones diferentes reclin\u00f3 la cabeza sobre el pecho de Jes\u00fas y oy\u00f3 los latidos de su coraz\u00f3n.<\/p>\n<p style=\"text-align: justify\">\n\tEn una ocasi\u00f3n la Santa le pregunt\u00f3 al Ap\u00f3stol San Juan, quien recost\u00f3 su cabeza junto al coraz\u00f3n del Se\u00f1or en la \u00daltima Cena, por qu\u00e9 no hab\u00eda escrito nada sobre el Coraz\u00f3n de Jes\u00fas.<\/p>\n<p style=\"text-align: justify\">\n\tEl Evangelista le explic\u00f3 que la revelaci\u00f3n del Sagrado Coraz\u00f3n de Jes\u00fas estaba reservada para tiempos posteriores, cuando el mundo en frialdad necesitar\u00eda ser reavivado en el amor.<\/p>\n<p style=\"text-align: justify\">\n\tA Santa Gertrudis se le atribuyen cinco libros que conforman el \u201cHeraldo de la amorosa bondad de Dios\u201d que son com\u00fanmente llamados \u201cRevelaciones de Santa Gertrudis\u201d. El primero lo escribieron amigos cercanos de la Santa, el segundo ella misma lo hizo y los restantes fueron compuestos con su direcci\u00f3n.<\/p>\n<p style=\"text-align: justify\">\n\tEn ellos habla de sus experiencias m\u00edsticas y ense\u00f1a que \u201cla adversidad es el anillo espiritual que sella los esponsales con Dios\u201d. Tambi\u00e9n se le atribuyen oraciones del siglo XVII, aunque no son de ella.<\/p>\n<p style=\"text-align: justify\">\n\tSanta Gertrudis padeci\u00f3 por diez a\u00f1os penosas enfermedades y parti\u00f3 a la Casa del Padre el 17 de noviembre de 1301 o 1302. Clemente XII mand\u00f3 que su fiesta se celebrara en toda la Iglesia Cat\u00f3lica.<\/p>\n<p style=\"text-align: justify\">\n\tOraci\u00f3n por las almas del purgatorio<\/p>\n<p style=\"text-align: justify\">\n\t(El Se\u00f1or le dijo a Santa Gertrudis que con esta oraci\u00f3n podr\u00eda liberar 1000 almas del purgatorio cada vez que la rezara).<\/p>\n<p style=\"text-align: justify\">\n\tPadre eterno, yo te ofrezco la precios\u00edsima sangre de tu Divino Hijo Jes\u00fas, en uni\u00f3n con las Misas celebradas hoy d\u00eda a trav\u00e9s del mundo por todas las benditas \u00e1nimas del purgatorio por todos los pecadores del mundo. Por los pecadores en la iglesia universal, por aquellos en propia casa y dentro de mi familia. Am\u00e9n.<\/p>\n","protected":false},"excerpt":{"rendered":"<p>REDACCI\u00d3N CENTRAL, 16 Nov. 16 (ACI).- Cada 16 de noviembre se celebra la fiesta de Santa Gertrudis, vidente del Sagrado Coraz\u00f3n de Jes\u00fas y considerada patrona de las personas m\u00edsticas. Santa Gertrudis naci\u00f3 el 6 de enero de 1256 en Alemania. A los cinco a\u00f1os fue enviada a estudiar al monasterio benedictino de Helfta, donde &hellip; <a href=\"https:\/\/www.biblia.work\/noticias\/hoy-se-celebra-a-santa-gertrudis-patrona-de-las-personas-misticas\/\" class=\"more-link\">Continuar leyendo<span class=\"screen-reader-text\"> \u00abHoy se celebra a Santa Gertrudis, patrona de las personas m\u00edsticas\u00bb<\/span><\/a><\/p>\n","protected":false},"author":1,"featured_media":0,"comment_status":"open","ping_status":"closed","sticky":false,"template":"","format":"standard","meta":{"footnotes":""},"categories":[1],"tags":[],"class_list":["post-8927","post","type-post","status-publish","format-standard","hentry","category-general"],"_links":{"self":[{"href":"https:\/\/www.biblia.work\/noticias\/wp-json\/wp\/v2\/posts\/8927","targetHints":{"allow":["GET"]}}],"collection":[{"href":"https:\/\/www.biblia.work\/noticias\/wp-json\/wp\/v2\/posts"}],"about":[{"href":"https:\/\/www.biblia.work\/noticias\/wp-json\/wp\/v2\/types\/post"}],"author":[{"embeddable":true,"href":"https:\/\/www.biblia.work\/noticias\/wp-json\/wp\/v2\/users\/1"}],"replies":[{"embeddable":true,"href":"https:\/\/www.biblia.work\/noticias\/wp-json\/wp\/v2\/comments?post=8927"}],"version-history":[{"count":0,"href":"https:\/\/www.biblia.work\/noticias\/wp-json\/wp\/v2\/posts\/8927\/revisions"}],"wp:attachment":[{"href":"https:\/\/www.biblia.work\/noticias\/wp-json\/wp\/v2\/media?parent=8927"}],"wp:term":[{"taxonomy":"category","embeddable":true,"href":"https:\/\/www.biblia.work\/noticias\/wp-json\/wp\/v2\/categories?post=8927"},{"taxonomy":"post_tag","embeddable":true,"href":"https:\/\/www.biblia.work\/noticias\/wp-json\/wp\/v2\/tags?post=8927"}],"curies":[{"name":"wp","href":"https:\/\/api.w.org\/{rel}","templated":true}]}}