{"id":8938,"date":"2016-11-16T08:15:03","date_gmt":"2016-11-16T13:15:03","guid":{"rendered":"http:\/\/www.biblia.work\/noticias\/comprender-y-construir-con-la-medida-de-dios\/"},"modified":"2016-11-16T08:15:03","modified_gmt":"2016-11-16T13:15:03","slug":"comprender-y-construir-con-la-medida-de-dios","status":"publish","type":"post","link":"https:\/\/www.biblia.work\/noticias\/comprender-y-construir-con-la-medida-de-dios\/","title":{"rendered":"\u201cComprender y construir con la medida de Dios\u201d"},"content":{"rendered":"<p style=\"text-align: justify\">(ZENIT &#8211; Roma).-\u00a0<span lang=\"es-PE\">El arte y lo sagrado, lo bello y lo verdadero, el arte de la construcci\u00f3n en coherencia con el misterio de la liturgia, el estudio y la b\u00fasqueda de la geometr\u00eda usada por Dios en la construcci\u00f3n del universo, la armon\u00eda de las medidas y de las formas para dise\u00f1ar al mismo modo de Dios, la investigaci\u00f3n y el uso del medio \u00e1ureo, las diversas innovaciones tecnol\u00f3gicas, el uso de nuevos materiales, la imaginaci\u00f3n de los sistemas telem\u00e1ticos incluidos arm\u00f3nicamente en las construcciones tradicionales.<\/span><\/p>\n<p style=\"text-align: justify\"><span lang=\"es-PE\">Estos son los temas abordados en el <a target=\"_blank\" rel=\"nofollow\" href=\"http:\/\/www.universitaeuropeadiroma.it\/doc-post-lauream\/REG-MASTER-ARCH-16-17.pdf\">M\u00e1ster<\/a> de segundo nivel en &#8220;Arquitectura, Arte Sacro y Liturgia&#8221;, organizado por la Universidad Europea de Roma bajo el patrocinio de la Congregaci\u00f3n para el Culto Divino y la Disciplina de los Sacramentos.<\/span><\/p>\n<p style=\"text-align: justify\"><span lang=\"es-PE\">El objetivo cultural no es s\u00f3lo conocer c\u00f3mo construir con sabidur\u00eda y precisi\u00f3n, incluso seg\u00fan las normas lit\u00fargicas, edificios sagrados, sino tratar de entender y reproducir la geometr\u00eda utilizada por el Creador en todas las construcciones humanas.<\/span><\/p>\n<p style=\"text-align: justify\"><span lang=\"es-PE\">Se trata del \u00fanico M\u00e1ster en el campo del arte y la arquitectura sagrada presente en el panorama acad\u00e9mico italiano, el cual cuenta con el de reconocimiento legal del MIUR y del Estado italiano.<\/span><\/p>\n<p style=\"text-align: justify\"><span lang=\"es-PE\">Los cr\u00e9ditos obtenidos conceden derecho al Diploma M\u00e1ster del 2\u00b0 nivel de la Universidad Europea, para todos aquellos que est\u00e9n en posesi\u00f3n del t\u00edtulo especialista (3 + 2), mientras los dem\u00e1s estudiantes podr\u00e1n obtener un certificado de perfeccionamiento \/ actualizaci\u00f3n.<\/span><\/p>\n<p style=\"text-align: justify\"><span lang=\"es-PE\">Desde la primera edici\u00f3n en el 2007, el M\u00e1ster tuvo una gran participaci\u00f3n. En la actualidad hay alrededor de 230 graduados provenientes de toda Italia y de distintas partes del mundo, como de Argentina, Brasil, Cuba, M\u00e9xico, Espa\u00f1a y Alemania.<\/span><\/p>\n<p style=\"text-align: justify\"><span lang=\"es-PE\">El curso, creado inicialmente bajo el patrocinio de la Comisi\u00f3n Pontificia para los Bienes Culturales de la Iglesia, tiene duraci\u00f3n de un a\u00f1o y se basa en conferencias, seminarios, pr\u00e1cticas, trabajos de proyecci\u00f3n, talleres y visitas guiadas con un total de 1500 horas de aprendizaje, de los cuales 300 [horas] de conferencias, dividido en cuatro disciplinas: teolog\u00eda; arte y m\u00fasica para la liturgia; dise\u00f1o y composici\u00f3n arquitect\u00f3nica; patrimonio cultural.<\/span><\/p>\n<p style=\"text-align: justify\"><span lang=\"es-PE\">Al final del curso did\u00e1ctico \u2013 formativo y de las pruebas de ex\u00e1menes requeridos, los participantes obtendr\u00e1n 60 cr\u00e9ditos formativos, conforme a lo dispuesto por el Ministerio de la Universidad y la Investigaci\u00f3n Cient\u00edfica. El primer objetivo del M\u00e1ster es poder conocer y crear una arquitectura bella, coherente con la b\u00fasqueda de lo sagrado.<\/span><\/p>\n<p style=\"text-align: justify\"><span lang=\"es-PE\">Parad\u00f3jicamente, en un mundo que parece querer vivir sin Dios, crece la b\u00fasqueda y el inter\u00e9s por el misterio, por lo sagrado, por las armon\u00edas y las artes que sepan expresar el lenguaje del alma. <\/span><\/p>\n<p style=\"text-align: justify\"><span lang=\"es-PE\">Asimismo, a 50 a\u00f1os de la clausura del Concilio Vaticano II, se querr\u00eda encontrar un punto de co\u00e1gulo entre la Iglesia y el arte, entre la cultura y la religi\u00f3n para volver a descubrir los fundamentos de la fruct\u00edfera colaboraci\u00f3n entre la arquitectura y lo sagrado que dio origen a siglos de renacimiento.<\/span><\/p>\n<p style=\"text-align: justify\"><span lang=\"es-PE\">El objetivo es tambi\u00e9n comunicar al alma la belleza de los edificios sagrados. La belleza de los edificios, las iglesias, las artes, la m\u00fasica, podr\u00e1 volver a crear lugares donde los hombres se eleven y se acerquen m\u00e1s f\u00e1cilmente a Dios.<\/span><\/p>\n<p style=\"text-align: justify\"><span lang=\"es-PE\">Para m\u00e1s informaci\u00f3n sobre el programa, la organizaci\u00f3n, las conferencias, los profesores, el costo y la duraci\u00f3n del M\u00e1ster:<br \/>\n<\/span><span lang=\"es-PE\">Asistente de la organizaci\u00f3n del M\u00e1ster: profesora Mar\u00eda Caterina Calabr\u00f3<br \/>\n<\/span><span lang=\"es-PE\">mc.calabro@gmail.com &#8211;\u00a0<\/span><span lang=\"es-PE\">tel. 349.808589<\/span><\/p>\n<p style=\"text-align: justify\"><span lang=\"es-AR\">Responsable de las relaciones institucionales<\/span>: Arq. Aldo Cianfarani<br \/>\nstudio.cianfarani@alice.it &#8211;\u00a0tel. 333.6976534<\/p>\n<p style=\"text-align: justify\">&nbsp;<\/p>\n<p><span class=\"et_bloom_bottom_trigger\"><\/span><\/p>\n<p><a href=\"https:\/\/es.zenit.org\/\" target=\"_blank\" rel=\"nofollow\">Fuente: es.zenit.org<\/a><\/p>\n","protected":false},"excerpt":{"rendered":"<p>(ZENIT &#8211; Roma).-\u00a0El arte y lo sagrado, lo bello y lo verdadero, el arte de la construcci\u00f3n en coherencia con el misterio de la liturgia, el estudio y la b\u00fasqueda de la geometr\u00eda usada por Dios en la construcci\u00f3n del universo, la armon\u00eda de las medidas y de las formas para dise\u00f1ar al mismo modo &hellip; <a href=\"https:\/\/www.biblia.work\/noticias\/comprender-y-construir-con-la-medida-de-dios\/\" class=\"more-link\">Continuar leyendo<span class=\"screen-reader-text\"> \u00ab\u201cComprender y construir con la medida de Dios\u201d\u00bb<\/span><\/a><\/p>\n","protected":false},"author":1,"featured_media":0,"comment_status":"open","ping_status":"closed","sticky":false,"template":"","format":"standard","meta":{"footnotes":""},"categories":[1],"tags":[],"class_list":["post-8938","post","type-post","status-publish","format-standard","hentry","category-general"],"_links":{"self":[{"href":"https:\/\/www.biblia.work\/noticias\/wp-json\/wp\/v2\/posts\/8938","targetHints":{"allow":["GET"]}}],"collection":[{"href":"https:\/\/www.biblia.work\/noticias\/wp-json\/wp\/v2\/posts"}],"about":[{"href":"https:\/\/www.biblia.work\/noticias\/wp-json\/wp\/v2\/types\/post"}],"author":[{"embeddable":true,"href":"https:\/\/www.biblia.work\/noticias\/wp-json\/wp\/v2\/users\/1"}],"replies":[{"embeddable":true,"href":"https:\/\/www.biblia.work\/noticias\/wp-json\/wp\/v2\/comments?post=8938"}],"version-history":[{"count":0,"href":"https:\/\/www.biblia.work\/noticias\/wp-json\/wp\/v2\/posts\/8938\/revisions"}],"wp:attachment":[{"href":"https:\/\/www.biblia.work\/noticias\/wp-json\/wp\/v2\/media?parent=8938"}],"wp:term":[{"taxonomy":"category","embeddable":true,"href":"https:\/\/www.biblia.work\/noticias\/wp-json\/wp\/v2\/categories?post=8938"},{"taxonomy":"post_tag","embeddable":true,"href":"https:\/\/www.biblia.work\/noticias\/wp-json\/wp\/v2\/tags?post=8938"}],"curies":[{"name":"wp","href":"https:\/\/api.w.org\/{rel}","templated":true}]}}