{"id":8942,"date":"2016-11-16T10:15:02","date_gmt":"2016-11-16T15:15:02","guid":{"rendered":"http:\/\/www.biblia.work\/noticias\/el-papa-recuerda-al-cop22-la-importancia-del-aspecto-etico-y-social-del-nuevo-paradigma-de-desarrollo\/"},"modified":"2016-11-16T10:15:02","modified_gmt":"2016-11-16T15:15:02","slug":"el-papa-recuerda-al-cop22-la-importancia-del-aspecto-etico-y-social-del-nuevo-paradigma-de-desarrollo","status":"publish","type":"post","link":"https:\/\/www.biblia.work\/noticias\/el-papa-recuerda-al-cop22-la-importancia-del-aspecto-etico-y-social-del-nuevo-paradigma-de-desarrollo\/","title":{"rendered":"El Papa recuerda al COP22 la importancia del aspecto \u00e9tico y social del nuevo paradigma de desarrollo"},"content":{"rendered":"<p style=\"text-align: justify\">(ZENIT &#8211; Ciudad del Vaticano).-\u00a0<span style=\"font-weight: 400\">El estilo de vida basado en la cultura del descarte es insostenible y no debe tener cabida en nuestros modelos de desarrollo y educaci\u00f3n. As\u00ed lo indica el papa Francisco en el mensaje enviado al ministro de Exteriores y de Cooperaci\u00f3n de Marruecos, que preside la XII reuni\u00f3n de la Conferencia de las Partes en la Convenci\u00f3n Marco de las Naciones Unidas sobre el Cambio Clim\u00e1tico (COP22). El encuentro se est\u00e1 celebrando en Marrakech del 7 al 18 de noviembre. Adem\u00e1s, el Santo Padre\u00a0recuerda que estamos ante un desaf\u00edo educativo y cultural el cual, para que sea realmente eficaz en el logro de sus fuertes objetivos, no puede dejar de responder tambi\u00e9n al proceso de aplicaci\u00f3n del Acuerdo de Par\u00eds.\u00a0<\/span><\/p>\n<p style=\"text-align: justify\"><span style=\"font-weight: 400\">De este modo, el Santo Padre recuerda que este Acuerdo ha trazado un camino claro en el que toda la comunidad internacional est\u00e1 llamada a participar y exhorta a promover una cultura del cuidado del ambiente. Adem\u00e1s reitera que la lucha contra el cambio clim\u00e1tico y contra la pobreza est\u00e1n estrechamente relacionadas.<\/span><\/p>\n<p style=\"text-align: justify\"><span style=\"font-weight: 400\">Al inicio de su mensaje, el Pont\u00edfice asegura que la situaci\u00f3n actual de deterioro del medio ambiente \u201cnos interpela a todos\u201d y \u201cnos lleva a reunirnos aqu\u00ed con un sentido renovado de conciencia y responsabilidad\u201d.<\/span><\/p>\n<p style=\"text-align: justify\"><span style=\"font-weight: 400\">Tal y como recuerda, Marruecos alberga la COP22 pocos d\u00edas despu\u00e9s de la entrada en vigor del Acuerdo de Par\u00eds, adoptado hace menos de un a\u00f1o. Su adopci\u00f3n &#8211;precisa&#8211; representa una clara toma de conciencia de que, ante tem\u00e1ticas tan complejas como el cambio clim\u00e1tico, la acci\u00f3n individual y\/o nacional no es suficiente, sino que es necesario \u201cdar colectivamente una respuesta \u00a0responsable que apunte a colaborar para construir nuestra casa com\u00fan\u201d. <\/span><\/p>\n<p style=\"text-align: justify\"><span style=\"font-weight: 400\">El Acuerdo de Par\u00eds, reconoce Francisco, ha trazado un camino claro en que toda la comunidad internacional est\u00e1 llamada a participar. La COP22 representa \u201cuna etapa fundamental de este recorrido\u201d. Asimismo, precisa que \u201cafecta a toda la humanidad, especialmente a los m\u00e1s pobres y a las generaciones futuras\u201d, que representan el componente \u201cm\u00e1s vulnerable\u201d de la preocupante repercusi\u00f3n de los cambios clim\u00e1ticos. Al mismo tiempo que \u201cnos recuerda la grave responsabilidad \u00e9tica y moral\u201d de actuar sin demora, de la forma \u201cm\u00e1s libre posible de presiones y econ\u00f3micas\u201d, superando \u201clos intereses y comportamientos particularistas\u201d.<\/span><\/p>\n<p style=\"text-align: justify\"><span style=\"font-weight: 400\">El Santo Padre aprovecha su mensaje para enviar su aliento para que los trabajos de estos d\u00edas \u201cest\u00e9n animados por el mismo esp\u00edritu de colaboraci\u00f3n y propuestas manifestado durante la COP21\u201d. En esta misma l\u00ednea observa que se abordan cuestiones complejas que no se pueden \u201cdelegar \u00fanicamente al di\u00e1logo t\u00e9cnico\u201d, sino que \u201chacen necesario un apoyo y un empuje pol\u00edtico constante basado en la conciencia de que somos una sola familia humana\u201d. Al respecto, el Pont\u00edfice subraya que \u201cno hay fronteras ni barreras pol\u00edticas o sociales que nos permitan aislarnos\u201d, y por eso mismo tampoco hay espacio para \u201cla globalizaci\u00f3n de la indiferencia\u201d.<\/span><\/p>\n<p style=\"text-align: justify\"><span style=\"font-weight: 400\">Una de las principales aportaciones de este Acuerdo &#8211;afirma Francisco&#8211; es estimular la promoci\u00f3n de estrategias de desarrollo nacionales e internacionales basadas en una \u00a0cualidad ambiental que podr\u00edamos llamar \u00a0solidaria. Efectivamente, a\u00f1ade, \u201cfomenta la solidaridad con las poblaciones m\u00e1s vulnerables\u201d e \u201cinsiste en los fuertes v\u00ednculos entre la lucha contra el cambio clim\u00e1tico y la lucha contra la pobreza\u201d. <\/span><\/p>\n<p style=\"text-align: justify\"><span style=\"font-weight: 400\">Por otro lado, el Santo Padre explica tambi\u00e9n que no se puede limitar todo a la mera dimensi\u00f3n econ\u00f3mica y tecnol\u00f3gica. Es decir, las soluciones t\u00e9cnicas son necesarias pero no suficientes; \u201ces esencial y se deben tener muy en cuenta los aspectos \u00e9ticos y sociales del nuevo paradigma de desarrollo y de progreso\u201d.<\/span><\/p>\n<p style=\"text-align: justify\"><span style=\"font-weight: 400\">Finalmente, el Pont\u00edfice desea que la COP 22 se gu\u00ede \u201cpor esa conciencia de nuestra responsabilidad\u201d que debe empujar a todos a \u201cpromover seriamente una <\/span><i><span style=\"font-weight: 400\">cultura del cuidado <\/span><\/i><span style=\"font-weight: 400\">que impregne toda la sociedad\u201d, cuidado de la creaci\u00f3n, pero tambi\u00e9n del pr\u00f3jimo, cercano o lejano, en el espacio y el tiempo. <\/span><\/p>\n<p><span class=\"et_bloom_bottom_trigger\"><\/span><\/p>\n<p><a href=\"https:\/\/es.zenit.org\/\" target=\"_blank\" rel=\"nofollow\">Fuente: es.zenit.org<\/a><\/p>\n","protected":false},"excerpt":{"rendered":"<p>(ZENIT &#8211; Ciudad del Vaticano).-\u00a0El estilo de vida basado en la cultura del descarte es insostenible y no debe tener cabida en nuestros modelos de desarrollo y educaci\u00f3n. As\u00ed lo indica el papa Francisco en el mensaje enviado al ministro de Exteriores y de Cooperaci\u00f3n de Marruecos, que preside la XII reuni\u00f3n de la Conferencia &hellip; <a href=\"https:\/\/www.biblia.work\/noticias\/el-papa-recuerda-al-cop22-la-importancia-del-aspecto-etico-y-social-del-nuevo-paradigma-de-desarrollo\/\" class=\"more-link\">Continuar leyendo<span class=\"screen-reader-text\"> \u00abEl Papa recuerda al COP22 la importancia del aspecto \u00e9tico y social del nuevo paradigma de desarrollo\u00bb<\/span><\/a><\/p>\n","protected":false},"author":1,"featured_media":0,"comment_status":"open","ping_status":"closed","sticky":false,"template":"","format":"standard","meta":{"footnotes":""},"categories":[1],"tags":[],"class_list":["post-8942","post","type-post","status-publish","format-standard","hentry","category-general"],"_links":{"self":[{"href":"https:\/\/www.biblia.work\/noticias\/wp-json\/wp\/v2\/posts\/8942","targetHints":{"allow":["GET"]}}],"collection":[{"href":"https:\/\/www.biblia.work\/noticias\/wp-json\/wp\/v2\/posts"}],"about":[{"href":"https:\/\/www.biblia.work\/noticias\/wp-json\/wp\/v2\/types\/post"}],"author":[{"embeddable":true,"href":"https:\/\/www.biblia.work\/noticias\/wp-json\/wp\/v2\/users\/1"}],"replies":[{"embeddable":true,"href":"https:\/\/www.biblia.work\/noticias\/wp-json\/wp\/v2\/comments?post=8942"}],"version-history":[{"count":0,"href":"https:\/\/www.biblia.work\/noticias\/wp-json\/wp\/v2\/posts\/8942\/revisions"}],"wp:attachment":[{"href":"https:\/\/www.biblia.work\/noticias\/wp-json\/wp\/v2\/media?parent=8942"}],"wp:term":[{"taxonomy":"category","embeddable":true,"href":"https:\/\/www.biblia.work\/noticias\/wp-json\/wp\/v2\/categories?post=8942"},{"taxonomy":"post_tag","embeddable":true,"href":"https:\/\/www.biblia.work\/noticias\/wp-json\/wp\/v2\/tags?post=8942"}],"curies":[{"name":"wp","href":"https:\/\/api.w.org\/{rel}","templated":true}]}}