{"id":8945,"date":"2016-11-16T11:15:03","date_gmt":"2016-11-16T16:15:03","guid":{"rendered":"http:\/\/www.biblia.work\/noticias\/el-vaticano-tiene-ya-su-isla-ecologica\/"},"modified":"2016-11-16T11:15:03","modified_gmt":"2016-11-16T16:15:03","slug":"el-vaticano-tiene-ya-su-isla-ecologica","status":"publish","type":"post","link":"https:\/\/www.biblia.work\/noticias\/el-vaticano-tiene-ya-su-isla-ecologica\/","title":{"rendered":"El Vaticano tiene ya su \u201cisla ecol\u00f3gica\u201d"},"content":{"rendered":"<p style=\"text-align: justify\"><span style=\"font-weight: 400\">(ZENIT &#8211; Ciudad del Vaticano).- El Vaticano cuenta, desde este lunes, con una nueva \u201c\u00e1rea ecol\u00f3gica\u201d, ubicada en la Torre San Juan. El Gobernaci\u00f3n<\/span><i><span style=\"font-weight: 400\">\u00a0<\/span><\/i><span style=\"font-weight: 400\">de la Ciudad del Vaticano ha explicado que \u201ctambi\u00e9n el Estado m\u00e1s peque\u00f1o del mundo produce sus residuos\u201d y ya \u201cdesde hace algunos a\u00f1os se est\u00e1 promoviendo la recogida diferenciada en las distintas oficinas y en las casas de los residentes\u201d. <\/span><\/p>\n<p style=\"text-align: justify\"><span style=\"font-weight: 400\">El departamento competente de las recogida de basuras, desde hace dos a\u00f1os, ha distribuido a los distintos dispositivos los llamados \u201ckit\u201d para el reciclaje, que consiste en contenedores de varios colores para distinguir los distintos tipos de residuos y las bolsas para la recogida. <\/span><\/p>\n<p style=\"text-align: justify\"><span style=\"font-weight: 400\">Los cubos, distribuidos por todo el territorio del Estado, han sido divididos seg\u00fan las diversas clases de residuos.<\/span><\/p>\n<p style=\"text-align: justify\"><span style=\"font-weight: 400\">As\u00ed, por disposici\u00f3n de los superiores, despu\u00e9s de haber individuado un \u00e1rea id\u00f3nea, la direcci\u00f3n de los Servicios T\u00e9cnicos, ha efectuado las intervenciones necesarias para adaptarlas a las exigencias requeridas por las islas ecol\u00f3gicas. En fase experimental, ser\u00e1n los envases de papel y cart\u00f3n los que inauguren la nueva isla ecol\u00f3gica. <\/span><span style=\"font-weight: 400\">Para comenzar &#8211;explica el comunicado de la Gobernaci\u00f3n&#8211; \u00a0se ubicar\u00e1 un compactador pero, despu\u00e9s de la primera fase, se espera que este se convertir\u00e1 en el principal punto de recolecci\u00f3n para todo el Estado de la Ciudad del Vaticano\u201d.<\/span><\/p>\n<p style=\"text-align: justify\"><span style=\"font-weight: 400\">En realidad, explican, ya desde <\/span><span style=\"font-weight: 400\">hace varios a\u00f1os, el Vaticano est\u00e1 haciendo la recolecci\u00f3n de distintos tipos de residuos en la zona conocida como la \u201cMolazza\u201d, donde se colocan residuos como el hierro, la madera e \u201cresiduos inertes\u201d, es decir, los residuos de construcci\u00f3n, no peligrosos. Mientras que en la zona llamada &#8220;<\/span><span style=\"font-weight: 400\">Vignaccia\u201d <\/span><span style=\"font-weight: 400\">\u00a0se colocan los residuos clasificados como especiales (peligrosos y no), tales como \u201caceite usado, equipos electr\u00f3nicos, l\u00edquidos, etc.\u201d.<\/span><\/p>\n<p style=\"text-align: justify\"><span style=\"font-weight: 400\">De este modo, desde la Gobernaci\u00f3n del Vaticano recuerdan que la enc\u00edclica de Francisco Laudato Si\u2019 ha contribuido significativamente a acelerar los tiempos de producci\u00f3n y puesta en servicio de reciclaje, aunque si en realidad ya se hac\u00eda pero de forma menos organizada.La Isla ecol\u00f3gica del Vaticano obedece a la cuesti\u00f3n de contrarrestar la cultura del descarte, que termina afectando al planeta.<\/span><\/p>\n<p style=\"text-align: justify\"><span style=\"font-weight: 400\">Los superiores de la Gobernaci\u00f3n, el cardenal Giuseppe Bertello \u00a0y monse\u00f1or Fernando V\u00e9rgez Alzaga, y el responsable de los Jardines y las basuras, Domenico Ambrifi, desean que \u201cel peque\u00f1o Estado pueda de alguna manera convertirse tambi\u00e9n en un bonito ejemplo de Estado verde y no contaminante&#8221;. <\/span><\/p>\n<p><span class=\"et_bloom_bottom_trigger\"><\/span><\/p>\n<p><a href=\"https:\/\/es.zenit.org\/\" target=\"_blank\" rel=\"nofollow\">Fuente: es.zenit.org<\/a><\/p>\n","protected":false},"excerpt":{"rendered":"<p>(ZENIT &#8211; Ciudad del Vaticano).- El Vaticano cuenta, desde este lunes, con una nueva \u201c\u00e1rea ecol\u00f3gica\u201d, ubicada en la Torre San Juan. El Gobernaci\u00f3n\u00a0de la Ciudad del Vaticano ha explicado que \u201ctambi\u00e9n el Estado m\u00e1s peque\u00f1o del mundo produce sus residuos\u201d y ya \u201cdesde hace algunos a\u00f1os se est\u00e1 promoviendo la recogida diferenciada en las &hellip; <a href=\"https:\/\/www.biblia.work\/noticias\/el-vaticano-tiene-ya-su-isla-ecologica\/\" class=\"more-link\">Continuar leyendo<span class=\"screen-reader-text\"> \u00abEl Vaticano tiene ya su \u201cisla ecol\u00f3gica\u201d\u00bb<\/span><\/a><\/p>\n","protected":false},"author":1,"featured_media":0,"comment_status":"open","ping_status":"closed","sticky":false,"template":"","format":"standard","meta":{"footnotes":""},"categories":[1],"tags":[],"class_list":["post-8945","post","type-post","status-publish","format-standard","hentry","category-general"],"_links":{"self":[{"href":"https:\/\/www.biblia.work\/noticias\/wp-json\/wp\/v2\/posts\/8945","targetHints":{"allow":["GET"]}}],"collection":[{"href":"https:\/\/www.biblia.work\/noticias\/wp-json\/wp\/v2\/posts"}],"about":[{"href":"https:\/\/www.biblia.work\/noticias\/wp-json\/wp\/v2\/types\/post"}],"author":[{"embeddable":true,"href":"https:\/\/www.biblia.work\/noticias\/wp-json\/wp\/v2\/users\/1"}],"replies":[{"embeddable":true,"href":"https:\/\/www.biblia.work\/noticias\/wp-json\/wp\/v2\/comments?post=8945"}],"version-history":[{"count":0,"href":"https:\/\/www.biblia.work\/noticias\/wp-json\/wp\/v2\/posts\/8945\/revisions"}],"wp:attachment":[{"href":"https:\/\/www.biblia.work\/noticias\/wp-json\/wp\/v2\/media?parent=8945"}],"wp:term":[{"taxonomy":"category","embeddable":true,"href":"https:\/\/www.biblia.work\/noticias\/wp-json\/wp\/v2\/categories?post=8945"},{"taxonomy":"post_tag","embeddable":true,"href":"https:\/\/www.biblia.work\/noticias\/wp-json\/wp\/v2\/tags?post=8945"}],"curies":[{"name":"wp","href":"https:\/\/api.w.org\/{rel}","templated":true}]}}