{"id":8948,"date":"2016-11-16T12:15:03","date_gmt":"2016-11-16T17:15:03","guid":{"rendered":"http:\/\/www.biblia.work\/noticias\/argentina-colecta-nacional-de-ayuda-al-migrante-y-refugiado\/"},"modified":"2016-11-16T12:15:03","modified_gmt":"2016-11-16T17:15:03","slug":"argentina-colecta-nacional-de-ayuda-al-migrante-y-refugiado","status":"publish","type":"post","link":"https:\/\/www.biblia.work\/noticias\/argentina-colecta-nacional-de-ayuda-al-migrante-y-refugiado\/","title":{"rendered":"Argentina: Colecta Nacional de ayuda al migrante y refugiado"},"content":{"rendered":"<p style=\"text-align: justify\">(ZENIT &#8211; Roma).-\u00a0\u201cEs necesario garantizar que en cada pa\u00eds los migrantes que llegan a \u00e9l y sus familias gocen del respeto pleno de sus derechos. La preocupaci\u00f3n m\u00e1s grande es la suscitada por la condici\u00f3n de los menores en el contexto de la migraci\u00f3n internacional. Efectivamente, los ni\u00f1os y las mujeres representan las categor\u00edas m\u00e1s vulnerables dentro de este gran fen\u00f3meno y los menores son los m\u00e1s fr\u00e1giles, a menudo hasta invisibles, porque carecen de documentos o no tienen quien les acompa\u00f1e.\u201d Estas palabras del mensaje del papa Francisco para la Jornada Mundial del emigrante y del refugiado 2017 inspiran este a\u00f1o la iniciativa de la Conferencia Episcopal Argentina.<\/p>\n<p style=\"text-align: justify\">La Colecta Nacional de Ayuda al Migrante y Refugiado se realiza cada a\u00f1o el primer domingo de Adviento y est\u00e1 destinada &#8220;a la ayuda de los migrantes, refugiados y solicitantes de asilo en situaci\u00f3n de vulnerabilidad social y econ\u00f3mica en la Argentina&#8221;. Esta Colecta est\u00e1 organizada por la Comisi\u00f3n Episcopal de Migraciones y Turismo, cuya misi\u00f3n es &#8220;promover, animar y coordinar la evangelizaci\u00f3n en el mundo de la movilidad humana&#8221;.<\/p>\n<p style=\"text-align: justify\">Lo recaudado contribuir\u00e1 a que &#8220;5.000 personas migrantes, refugiados y solicitantes de asilo&#8221; sean asistidos y acompa\u00f1ados por la Comisi\u00f3n Episcopal de Migraciones y Turismo y por los Equipos Diocesanos de todo el pa\u00eds.<\/p>\n<p style=\"text-align: justify\">Para colaborar, indica la Conferencia Episcopal, el 26 y 27 de noviembre se puede llevar los donativos a todas las parroquias, capillas y centros misioneros de Argentina.<\/p>\n<p style=\"text-align: justify\">&nbsp;<\/p>\n<p><span class=\"et_bloom_bottom_trigger\"><\/span><\/p>\n<p><a href=\"https:\/\/es.zenit.org\/\" target=\"_blank\" rel=\"nofollow\">Fuente: es.zenit.org<\/a><\/p>\n","protected":false},"excerpt":{"rendered":"<p>(ZENIT &#8211; Roma).-\u00a0\u201cEs necesario garantizar que en cada pa\u00eds los migrantes que llegan a \u00e9l y sus familias gocen del respeto pleno de sus derechos. La preocupaci\u00f3n m\u00e1s grande es la suscitada por la condici\u00f3n de los menores en el contexto de la migraci\u00f3n internacional. Efectivamente, los ni\u00f1os y las mujeres representan las categor\u00edas m\u00e1s &hellip; <a href=\"https:\/\/www.biblia.work\/noticias\/argentina-colecta-nacional-de-ayuda-al-migrante-y-refugiado\/\" class=\"more-link\">Continuar leyendo<span class=\"screen-reader-text\"> \u00abArgentina: Colecta Nacional de ayuda al migrante y refugiado\u00bb<\/span><\/a><\/p>\n","protected":false},"author":1,"featured_media":0,"comment_status":"open","ping_status":"closed","sticky":false,"template":"","format":"standard","meta":{"footnotes":""},"categories":[1],"tags":[],"class_list":["post-8948","post","type-post","status-publish","format-standard","hentry","category-general"],"_links":{"self":[{"href":"https:\/\/www.biblia.work\/noticias\/wp-json\/wp\/v2\/posts\/8948","targetHints":{"allow":["GET"]}}],"collection":[{"href":"https:\/\/www.biblia.work\/noticias\/wp-json\/wp\/v2\/posts"}],"about":[{"href":"https:\/\/www.biblia.work\/noticias\/wp-json\/wp\/v2\/types\/post"}],"author":[{"embeddable":true,"href":"https:\/\/www.biblia.work\/noticias\/wp-json\/wp\/v2\/users\/1"}],"replies":[{"embeddable":true,"href":"https:\/\/www.biblia.work\/noticias\/wp-json\/wp\/v2\/comments?post=8948"}],"version-history":[{"count":0,"href":"https:\/\/www.biblia.work\/noticias\/wp-json\/wp\/v2\/posts\/8948\/revisions"}],"wp:attachment":[{"href":"https:\/\/www.biblia.work\/noticias\/wp-json\/wp\/v2\/media?parent=8948"}],"wp:term":[{"taxonomy":"category","embeddable":true,"href":"https:\/\/www.biblia.work\/noticias\/wp-json\/wp\/v2\/categories?post=8948"},{"taxonomy":"post_tag","embeddable":true,"href":"https:\/\/www.biblia.work\/noticias\/wp-json\/wp\/v2\/tags?post=8948"}],"curies":[{"name":"wp","href":"https:\/\/api.w.org\/{rel}","templated":true}]}}