{"id":8951,"date":"2016-11-16T13:05:04","date_gmt":"2016-11-16T18:05:04","guid":{"rendered":"http:\/\/www.biblia.work\/noticias\/este-sera-el-mensaje-que-el-vaticano-llevara-a-la-expo-2017\/"},"modified":"2016-11-16T13:05:04","modified_gmt":"2016-11-16T18:05:04","slug":"este-sera-el-mensaje-que-el-vaticano-llevara-a-la-expo-2017","status":"publish","type":"post","link":"https:\/\/www.biblia.work\/noticias\/este-sera-el-mensaje-que-el-vaticano-llevara-a-la-expo-2017\/","title":{"rendered":"Este ser\u00e1 el mensaje que el Vaticano llevar\u00e1 a la EXPO 2017"},"content":{"rendered":"<p> KAZAJIST\u00c1N, 16 Nov. 16 (ACI).-<br \/>\n\tLa Santa Sede estar&aacute; presente en la EXPO 2017 que se celebrar&aacute; en la ciudad de Astana, capital de Kazajist&aacute;n, del 10 de junio al 10 de septiembre de 2017, donde tendr&aacute; un pabell&oacute;n centrado en la protecci&oacute;n de la &ldquo;casa com&uacute;n&rdquo;.<\/p>\n<p style=\"text-align: justify\">\n\tEl Cardenal Peter Turkson, Presidente del Pontificio Consejo Justicia y Paz, se encuentra en la localidad kazaja de Almaty para presentar, como comisario de la participaci&oacute;n de la Santa Sede, junto a los obispos de Kazajist&aacute;n, la propuesta del pabell&oacute;n de la Santa Sede.<\/p>\n<p style=\"text-align: justify\">\n\tLa propuesta lleva por t&iacute;tulo &ldquo;Energ&iacute;a del bien com&uacute;n: Cuidando nuestra casa com&uacute;n&rdquo;. La delegaci&oacute;n vaticana considera importante, seg&uacute;n una nota difundida por la sala de prensa de la Santa Sede, presentar este documento en el pa&iacute;s que acoger&aacute; la EXPO, un pa&iacute;s multi&eacute;tnico y multirreligioso, cuyo gobierno es conocido por haber instaurado una tradici&oacute;n de di&aacute;logo entre religiones.<\/p>\n<p style=\"text-align: justify\">\n\tEl 29 de abril, el Cardenal Turkson firm&oacute;, en nombre de la Santa Sede, el contrato para la participaci&oacute;n en la Exposici&oacute;n Universal de Astana. La presencia del Vaticano en este evento supone un gran desaf&iacute;o, pero tambi&eacute;n una gran oportunidad para la Iglesia que, en aquel pa&iacute;s tan extenso, acoge solo a un peque&ntilde;o porcentaje de la poblaci&oacute;n.<\/p>\n<p style=\"text-align: justify\">\n\tTras haber participado en otras EXPO recientes que han afrontado importantes tem&aacute;ticas &ndash;la gesti&oacute;n del agua, en Zaragoza 2008; o la alimentaci&oacute;n, en Mil&aacute;n 2015&ndash; la Santa Sede no quiere dejar pasar la oportunidad de participar en esta nueva convocatoria que tendr&aacute; por tema &ldquo;El futuro de la energ&iacute;a&rdquo;.<\/p>\n<p style=\"text-align: justify\">\n\tLa propuesta presentada hoy por el Cardenal Turkson detalla los contenidos de un pabell&oacute;n que ofrecer&aacute; a los visitantes una serie de itinerarios intelectuales y espirituales que proporcionar&aacute;n un marco profundamente humano y &eacute;tico diferente al contenido de otros pabellones.<\/p>\n<p style=\"text-align: justify\">\n\tLa buena gesti&oacute;n de la compleja cuesti&oacute;n energ&eacute;tica es, sin lugar a dudas, uno de los grandes desaf&iacute;os de nuestro tiempo, que se debe abordar de forma responsable, sostenible, inclusiva y equitativa.<\/p>\n<p style=\"text-align: justify\">\n\tCabe recordar que la energ&iacute;a es uno de los temas m&aacute;s importantes tratados en la enc&iacute;clica Laudato si&rsquo; (2015) y en Caritas in veritate (2009), as&iacute; como en las negociaciones clim&aacute;ticas de la ONU. El Pontificio Consejo Justicia y Paz ha dedicado a dicha cuesti&oacute;n el volumen de reflexiones Energ&iacute;a, Justicia y Paz (2013).<\/p>\n<p style=\"text-align: justify\">\n\tTambi&eacute;n te puede interesar:<\/p>\n<p style=\"text-align: justify\">\n\t\tEsto pide el sacerdote secuestrado, torturado y hallado vivo en M&eacute;xico https:\/\/t.co\/mAHvGg447F<\/p>\n<p>\t&mdash; ACI Prensa (@aciprensa) 15 de noviembre de 2016<\/p>\n<p style=\"text-align: justify\">\n\t&nbsp;<\/p>\n","protected":false},"excerpt":{"rendered":"<p>KAZAJIST\u00c1N, 16 Nov. 16 (ACI).- La Santa Sede estar&aacute; presente en la EXPO 2017 que se celebrar&aacute; en la ciudad de Astana, capital de Kazajist&aacute;n, del 10 de junio al 10 de septiembre de 2017, donde tendr&aacute; un pabell&oacute;n centrado en la protecci&oacute;n de la &ldquo;casa com&uacute;n&rdquo;. El Cardenal Peter Turkson, Presidente del Pontificio Consejo &hellip; <a href=\"https:\/\/www.biblia.work\/noticias\/este-sera-el-mensaje-que-el-vaticano-llevara-a-la-expo-2017\/\" class=\"more-link\">Continuar leyendo<span class=\"screen-reader-text\"> \u00abEste ser\u00e1 el mensaje que el Vaticano llevar\u00e1 a la EXPO 2017\u00bb<\/span><\/a><\/p>\n","protected":false},"author":1,"featured_media":0,"comment_status":"open","ping_status":"closed","sticky":false,"template":"","format":"standard","meta":{"footnotes":""},"categories":[1],"tags":[],"class_list":["post-8951","post","type-post","status-publish","format-standard","hentry","category-general"],"_links":{"self":[{"href":"https:\/\/www.biblia.work\/noticias\/wp-json\/wp\/v2\/posts\/8951","targetHints":{"allow":["GET"]}}],"collection":[{"href":"https:\/\/www.biblia.work\/noticias\/wp-json\/wp\/v2\/posts"}],"about":[{"href":"https:\/\/www.biblia.work\/noticias\/wp-json\/wp\/v2\/types\/post"}],"author":[{"embeddable":true,"href":"https:\/\/www.biblia.work\/noticias\/wp-json\/wp\/v2\/users\/1"}],"replies":[{"embeddable":true,"href":"https:\/\/www.biblia.work\/noticias\/wp-json\/wp\/v2\/comments?post=8951"}],"version-history":[{"count":0,"href":"https:\/\/www.biblia.work\/noticias\/wp-json\/wp\/v2\/posts\/8951\/revisions"}],"wp:attachment":[{"href":"https:\/\/www.biblia.work\/noticias\/wp-json\/wp\/v2\/media?parent=8951"}],"wp:term":[{"taxonomy":"category","embeddable":true,"href":"https:\/\/www.biblia.work\/noticias\/wp-json\/wp\/v2\/categories?post=8951"},{"taxonomy":"post_tag","embeddable":true,"href":"https:\/\/www.biblia.work\/noticias\/wp-json\/wp\/v2\/tags?post=8951"}],"curies":[{"name":"wp","href":"https:\/\/api.w.org\/{rel}","templated":true}]}}