{"id":8961,"date":"2016-11-16T19:05:02","date_gmt":"2016-11-17T00:05:02","guid":{"rendered":"http:\/\/www.biblia.work\/noticias\/se-espera-que-duenos-de-pasteleria-asher-acudan-a-la-corte-suprema\/"},"modified":"2016-11-16T19:05:02","modified_gmt":"2016-11-17T00:05:02","slug":"se-espera-que-duenos-de-pasteleria-asher-acudan-a-la-corte-suprema","status":"publish","type":"post","link":"https:\/\/www.biblia.work\/noticias\/se-espera-que-duenos-de-pasteleria-asher-acudan-a-la-corte-suprema\/","title":{"rendered":"Se espera que due\u00f1os de pasteler\u00eda Asher acudan a la Corte Suprema"},"content":{"rendered":"<p style=\"text-align: justify\">El Fiscal General de Irlanda del Norte, John Larkin, est\u00e1 tratando de enviar el caso de la pasteler\u00eda Asher a la Corte Suprema de Reino Unido. <\/p>\n<p style=\"text-align: justify\"> <strong>\u00bfQu\u00e9 opinas de esta noticia? Ve a <a href=\"http:\/\/www.Facebook.com\/mundocristiano\">www.Facebook.com\/mundocristiano<\/a> y comenta.<\/strong> <\/p>\n<p style=\"text-align: justify\">Los due\u00f1os de la pasteler\u00eda Ashers, que toma su nombre de una figura del Antiguo Testamento, se negaron a hacer un queque en el que el cliente quer\u00eda que aparecieran los personajes de Plaza S\u00e9samo, Beto y Enrique, con las palabras \u00abApoya el matrimonio gay\u00bb, para su cliente, Daniel McArthur.<\/p>\n<p style=\"text-align: justify\">Larkin quiere que el tribunal m\u00e1s alto se pronuncie sobre si las leyes que se usaron contra la pasteler\u00eda dirigida por los cristianos son constitucionalmente v\u00e1lidas. <\/p>\n<p style=\"text-align: justify\">Primero plante\u00f3 sus preocupaciones sobre el caso en febrero pasado y su solicitud ser\u00e1 examinada por el Tribunal de Apelaci\u00f3n en Belfast el 22 de noviembre. <\/p>\n<p style=\"text-align: justify\">Los Ashers perdieron su apelaci\u00f3n del fallo que los encontr\u00f3 culpables de discriminaci\u00f3n el mes pasado. <\/p>\n<p style=\"text-align: justify\">Los McArthurs son parte de un proceso legal separado, donde sus abogados han escrito al Tribunal de Apelaci\u00f3n buscando aclaraciones de que no hay ruta para que los Asher lleven su caso ante la Corte Suprema. <\/p>\n<p style=\"text-align: justify\">Se espera que su solicitud sea considerada el 22 de noviembre tambi\u00e9n. <\/p>\n","protected":false},"excerpt":{"rendered":"<p>El Fiscal General de Irlanda del Norte, John Larkin, est\u00e1 tratando de enviar el caso de la pasteler\u00eda Asher a la Corte Suprema de Reino Unido. \u00bfQu\u00e9 opinas de esta noticia? Ve a www.Facebook.com\/mundocristiano y comenta. Los due\u00f1os de la pasteler\u00eda Ashers, que toma su nombre de una figura del Antiguo Testamento, se negaron a &hellip; <a href=\"https:\/\/www.biblia.work\/noticias\/se-espera-que-duenos-de-pasteleria-asher-acudan-a-la-corte-suprema\/\" class=\"more-link\">Continuar leyendo<span class=\"screen-reader-text\"> \u00abSe espera que due\u00f1os de pasteler\u00eda Asher acudan a la Corte Suprema\u00bb<\/span><\/a><\/p>\n","protected":false},"author":1,"featured_media":0,"comment_status":"open","ping_status":"closed","sticky":false,"template":"","format":"standard","meta":{"footnotes":""},"categories":[1],"tags":[],"class_list":["post-8961","post","type-post","status-publish","format-standard","hentry","category-general"],"_links":{"self":[{"href":"https:\/\/www.biblia.work\/noticias\/wp-json\/wp\/v2\/posts\/8961","targetHints":{"allow":["GET"]}}],"collection":[{"href":"https:\/\/www.biblia.work\/noticias\/wp-json\/wp\/v2\/posts"}],"about":[{"href":"https:\/\/www.biblia.work\/noticias\/wp-json\/wp\/v2\/types\/post"}],"author":[{"embeddable":true,"href":"https:\/\/www.biblia.work\/noticias\/wp-json\/wp\/v2\/users\/1"}],"replies":[{"embeddable":true,"href":"https:\/\/www.biblia.work\/noticias\/wp-json\/wp\/v2\/comments?post=8961"}],"version-history":[{"count":0,"href":"https:\/\/www.biblia.work\/noticias\/wp-json\/wp\/v2\/posts\/8961\/revisions"}],"wp:attachment":[{"href":"https:\/\/www.biblia.work\/noticias\/wp-json\/wp\/v2\/media?parent=8961"}],"wp:term":[{"taxonomy":"category","embeddable":true,"href":"https:\/\/www.biblia.work\/noticias\/wp-json\/wp\/v2\/categories?post=8961"},{"taxonomy":"post_tag","embeddable":true,"href":"https:\/\/www.biblia.work\/noticias\/wp-json\/wp\/v2\/tags?post=8961"}],"curies":[{"name":"wp","href":"https:\/\/api.w.org\/{rel}","templated":true}]}}