{"id":8964,"date":"2016-11-16T22:05:02","date_gmt":"2016-11-17T03:05:02","guid":{"rendered":"http:\/\/www.biblia.work\/noticias\/tras-victoria-de-trump-cual-debe-ser-la-actitud-de-los-catolicos-responde-arzobispo\/"},"modified":"2016-11-16T22:05:02","modified_gmt":"2016-11-17T03:05:02","slug":"tras-victoria-de-trump-cual-debe-ser-la-actitud-de-los-catolicos-responde-arzobispo","status":"publish","type":"post","link":"https:\/\/www.biblia.work\/noticias\/tras-victoria-de-trump-cual-debe-ser-la-actitud-de-los-catolicos-responde-arzobispo\/","title":{"rendered":"Tras victoria de Trump \u00bfCu\u00e1l debe ser la actitud de los cat\u00f3licos? Responde Arzobispo"},"content":{"rendered":"<p> LOS \u00c1NGELES, 16 Nov. 16 (ACI).-<br \/>\n\tEl Vicepresidente electo de la Conferencia Episcopal de Estados Unidos y Arzobispo de Los &Aacute;ngeles, Mons. Jos&eacute; G&oacute;mez, indic&oacute; que ante la victoria de Donald Trump en las elecciones presidenciales y la incertidumbre en algunos ante el futuro del pa&iacute;s, los cat&oacute;licos &ldquo;no podemos desanimarnos ni ceder a la inclinaci&oacute;n a la ira y al resentimiento&rdquo;.<\/p>\n<p style=\"text-align: justify\">\n\tLa victoria del candidato republicano Donald Trump sobre Hillary Clinton ha suscitado una serie de protestas en el pa&iacute;s debido a sus comentarios despectivos sobre las mujeres y los hispanos, adem&aacute;s de la promesa de la construcci&oacute;n de un muro en la frontera con M&eacute;xico.<\/p>\n<p style=\"text-align: justify\">\n\tMons. G&oacute;mez indic&oacute; en su columna semanal &ldquo;Despu&eacute;s de estas elecciones, &iquest;Hacia d&oacute;nde vamos?&rdquo; que los cat&oacute;licos &ldquo;no podemos desanimarnos ni ceder a la inclinaci&oacute;n a la ira y al resentimiento que vemos por todas partes en nuestra sociedad&rdquo;.<\/p>\n<p style=\"text-align: justify\">\n\tEl Arzobispo de Los &Aacute;ngeles indic&oacute; que la actitud que se debe tomar es continuar siguiendo a Jesucristo, recordar &ldquo;qui&eacute;nes somos, de d&oacute;nde venimos, y qu&eacute; es lo que Dios nos llama a ser. Eso significa que hemos de vivir como cat&oacute;licos antes que nada. Como cristianos ante todo. Esta es nuestra identidad&rdquo;.<\/p>\n<p style=\"text-align: justify\">\n\t&ldquo;No somos republicanos o dem&oacute;cratas, liberales o conservadores. Antes que ninguna otra cosa, somos seguidores de Cristo, hijos de Dios, hechos a su imagen, llamados a ser santos y a trabajar por su reino, que es la familia de Dios en la tierra&rdquo;, expres&oacute;.<\/p>\n<p style=\"text-align: justify\">\n\tEl Prelado record&oacute; que en estos momentos el Evangelio todav&iacute;a es la &ldquo;buena nueva que toda persona anhela escuchar&rdquo;, que &ldquo;Dios es real y que todav&iacute;a est&aacute; a cargo de su creaci&oacute;n; todav&iacute;a est&aacute; a cargo de la historia y sigue a cargo de nuestras vidas&rdquo;.<\/p>\n<p style=\"text-align: justify\">\n\t&ldquo;Esta es nuestra esperanza. Y nuestra esperanza no nos decepcionar&aacute; porque nuestra esperanza est&aacute; puesta en Jesucristo, que es el camino, la verdad y la vida&rdquo;, manifest&oacute;.<\/p>\n<p style=\"text-align: justify\">\n\tPor otro lado, Mons. G&oacute;mez indic&oacute; que esta campa&ntilde;a presidencial ha expuesto las profundas divisiones sociales y ha suscitado una &ldquo;ansiedad&rdquo; respecto al futuro de Estados Unidos. Tambi&eacute;n &ldquo;dir&iacute;a que esta es la primera elecci&oacute;n en la que podemos ver muy claramente que estamos viviendo en un Estados Unidos &lsquo;post-cristiano&rsquo;&rdquo;.<\/p>\n<p style=\"text-align: justify\">\n\tMons. G&oacute;mez se&ntilde;al&oacute; que las &eacute;lites que gobiernan el pa&iacute;s &ldquo;est&aacute;n profundamente secularizadas y son hostiles a las instituciones religiosas y a los valores y creencias tradicionales&rdquo;.<\/p>\n<p style=\"text-align: justify\">\n\tPor ello, en las elecciones presidenciales &ldquo;pudimos percibir que su visi&oacute;n secular es la que ahora configura las prioridades y preocupaciones del electorado&rdquo;.<\/p>\n<p style=\"text-align: justify\">\n\tAnte esta situaci&oacute;n, exhort&oacute; a continuar &ldquo;proclamando la verdad y oponi&eacute;ndonos a los falsos caminos hacia la felicidad humana que vemos en nuestra sociedad. Tenemos que seguir la lucha por la dignidad y por oponer resistencia a todo lo que amenace con disminuir la nobleza del ser humano como hijo de Dios&rdquo;.<\/p>\n<p style=\"text-align: justify\">\n\t&ldquo;Necesitamos hacerlo todo con amor, como un pueblo lleno de compasi&oacute;n y de misericordia. Y en este tiempo de divisi&oacute;n y confusi&oacute;n, tenemos que promover la solidaridad y la reconciliaci&oacute;n&rdquo;, indic&oacute; Mons. G&oacute;mez.<\/p>\n<p style=\"text-align: justify\">\n\tPuede leer la columna completa AQU&Iacute;.<\/p>\n<p style=\"text-align: justify\">\n\tTambi&eacute;n te puede interesar:<\/p>\n<p style=\"text-align: justify\">\n\t\tMons. Gomez: Mi elecci&oacute;n es reconocimiento a latinos cat&oacute;licos en Estados Unidos https:\/\/t.co\/bRuD9EtCjT<\/p>\n<p>\t&mdash; ACI Prensa (@aciprensa) 15 de noviembre de 2016<\/p>\n","protected":false},"excerpt":{"rendered":"<p>LOS \u00c1NGELES, 16 Nov. 16 (ACI).- El Vicepresidente electo de la Conferencia Episcopal de Estados Unidos y Arzobispo de Los &Aacute;ngeles, Mons. Jos&eacute; G&oacute;mez, indic&oacute; que ante la victoria de Donald Trump en las elecciones presidenciales y la incertidumbre en algunos ante el futuro del pa&iacute;s, los cat&oacute;licos &ldquo;no podemos desanimarnos ni ceder a la &hellip; <a href=\"https:\/\/www.biblia.work\/noticias\/tras-victoria-de-trump-cual-debe-ser-la-actitud-de-los-catolicos-responde-arzobispo\/\" class=\"more-link\">Continuar leyendo<span class=\"screen-reader-text\"> \u00abTras victoria de Trump \u00bfCu\u00e1l debe ser la actitud de los cat\u00f3licos? Responde Arzobispo\u00bb<\/span><\/a><\/p>\n","protected":false},"author":1,"featured_media":0,"comment_status":"open","ping_status":"closed","sticky":false,"template":"","format":"standard","meta":{"footnotes":""},"categories":[1],"tags":[],"class_list":["post-8964","post","type-post","status-publish","format-standard","hentry","category-general"],"_links":{"self":[{"href":"https:\/\/www.biblia.work\/noticias\/wp-json\/wp\/v2\/posts\/8964","targetHints":{"allow":["GET"]}}],"collection":[{"href":"https:\/\/www.biblia.work\/noticias\/wp-json\/wp\/v2\/posts"}],"about":[{"href":"https:\/\/www.biblia.work\/noticias\/wp-json\/wp\/v2\/types\/post"}],"author":[{"embeddable":true,"href":"https:\/\/www.biblia.work\/noticias\/wp-json\/wp\/v2\/users\/1"}],"replies":[{"embeddable":true,"href":"https:\/\/www.biblia.work\/noticias\/wp-json\/wp\/v2\/comments?post=8964"}],"version-history":[{"count":0,"href":"https:\/\/www.biblia.work\/noticias\/wp-json\/wp\/v2\/posts\/8964\/revisions"}],"wp:attachment":[{"href":"https:\/\/www.biblia.work\/noticias\/wp-json\/wp\/v2\/media?parent=8964"}],"wp:term":[{"taxonomy":"category","embeddable":true,"href":"https:\/\/www.biblia.work\/noticias\/wp-json\/wp\/v2\/categories?post=8964"},{"taxonomy":"post_tag","embeddable":true,"href":"https:\/\/www.biblia.work\/noticias\/wp-json\/wp\/v2\/tags?post=8964"}],"curies":[{"name":"wp","href":"https:\/\/api.w.org\/{rel}","templated":true}]}}