{"id":8967,"date":"2016-11-17T05:15:02","date_gmt":"2016-11-17T10:15:02","guid":{"rendered":"http:\/\/www.biblia.work\/noticias\/el-papa-implora-el-fin-de-tanto-dolor-en-oriente-medio\/"},"modified":"2016-11-17T05:15:02","modified_gmt":"2016-11-17T10:15:02","slug":"el-papa-implora-el-fin-de-tanto-dolor-en-oriente-medio","status":"publish","type":"post","link":"https:\/\/www.biblia.work\/noticias\/el-papa-implora-el-fin-de-tanto-dolor-en-oriente-medio\/","title":{"rendered":"El Papa implora el fin de tanto dolor en Oriente Medio"},"content":{"rendered":"<p style=\"text-align: justify\">(ZENIT &#8211; Ciudad del Vaticano).-El papa Francisco ha implorado una vez m\u00e1s el final de tanto dolor que sufre Oriente Medio. Al mismo tiempo, ha recordado que\u00a0cada d\u00eda \u201cvemos cristianos que recorren el camino de la cruz\u201d siguiendo \u201ccon docilidad las huellas de Jes\u00fas\u201d. El Santo Padre\u00a0ha recibido al patriarca de la Iglesia Asiria de Oriente, Mar Gewargis III. Despu\u00e9s de un encuentro privado y la presentaci\u00f3n de las delegaciones ambos han pronunciado un discurso. Finalmente, la visita ha concluido con un momento de oraci\u00f3n en com\u00fan en la capilla <em>Redemptoris Mater<\/em>.<br \/>\nEn su discurso,\u00a0el Pont\u00edfice\u00a0ha precisado que este encuentro y la oraci\u00f3n \u201cinvocan precisamente el don de la paz\u201d.<\/p>\n<p style=\"text-align: justify\">Adem\u00e1s, ha asegurado la consternados general que se siente por lo que sucede en Oriente Medio, especialmente en Irak y Siria. All\u00ed &#8211;ha recordado&#8211; se est\u00e1 vertiendo sobre cientos de miles de ni\u00f1os inocentes, de mujeres y hombre, la terrible violencia de conflictos sangrientos, que ninguna motivaci\u00f3n puede justificar o permitir. All\u00ed los cristianos y otras minor\u00edas religiosas y \u00e9tnicas \u201cest\u00e1n lamentablemente acostumbrados a sufrir diariamente grandes pruebas\u201d.<br \/>\nEstos hermanos y hermanas \u201cson modelos que nos exhortan\u201d en cada circunstancia a permanecer con el Se\u00f1or, a abrazar su cruz, a confiar en su amor. Nos indican, ha asegurado, que en el centro de nuestra fe est\u00e1 siempre \u201cla presencia de Jes\u00fas\u201d que nos invita, tambi\u00e9n en la adversidad, a no cansarnos de vivir \u201csu mensaje de amor, de reconciliaci\u00f3n y de perd\u00f3n\u201d.<br \/>\nDel mismo modo ha asegurado que estamos agradecidos a nuestros hermanos que \u201cnos impulsan a seguir el camino de Jes\u00fas para derrotar la enemistad\u201d. Y as\u00ed, el Papa ha subrayado que como la sangre de Cristo, derramada por amor, ha reconciliado y unido, haciendo germinar la Iglesia, \u201cas\u00ed la sangre de los m\u00e1rtires es la semilla de la unidad de los cristianos\u201d.<br \/>\nAdem\u00e1s, el Pont\u00edfice ha dado las gracias a Dios por los \u201cfirmes lazos fraternos\u201d que ya existen y que esta visita \u201creforzar\u00e1 ulteriormente\u201d. En esta misma l\u00ednea, ha confirmado el compromiso de la Iglesia cat\u00f3lica para que \u201cnuestro di\u00e1logo, ya muy fecundo, pueda avanzar\u201d. En el futuro, esto podr\u00e1 \u201ccontribuir a recomponer la plena armon\u00eda\u201d en beneficio de \u201cnuestras comunidades, que a menudo ya viven en estrecho contacto\u201d.<br \/>\nNuestra cercan\u00eda &#8211;ha a\u00f1adido&#8211; sea levadura de unidad. As\u00ed, ha recordado tambi\u00e9n que estamos llamados a trabajar juntos \u201cen la caridad all\u00ed donde sea posible, para que el amor indique el camino de la comuni\u00f3n\u201d.<br \/>\nPor otro lado, el Santo Padre ha invitado a no cansarse de pedir al Se\u00f1or \u201csanar las heridas del pasado con la unci\u00f3n ben\u00e9fica de su misericordia\u201d. Nos har\u00e1 bien, ha asegurado, renovar la memoria com\u00fan de nuestra actividad evangelizadora.<\/p>\n<p><span class=\"et_bloom_bottom_trigger\"><\/span><\/p>\n<p><a href=\"https:\/\/es.zenit.org\/\" target=\"_blank\" rel=\"nofollow\">Fuente: es.zenit.org<\/a><\/p>\n","protected":false},"excerpt":{"rendered":"<p>(ZENIT &#8211; Ciudad del Vaticano).-El papa Francisco ha implorado una vez m\u00e1s el final de tanto dolor que sufre Oriente Medio. Al mismo tiempo, ha recordado que\u00a0cada d\u00eda \u201cvemos cristianos que recorren el camino de la cruz\u201d siguiendo \u201ccon docilidad las huellas de Jes\u00fas\u201d. El Santo Padre\u00a0ha recibido al patriarca de la Iglesia Asiria de &hellip; <a href=\"https:\/\/www.biblia.work\/noticias\/el-papa-implora-el-fin-de-tanto-dolor-en-oriente-medio\/\" class=\"more-link\">Continuar leyendo<span class=\"screen-reader-text\"> \u00abEl Papa implora el fin de tanto dolor en Oriente Medio\u00bb<\/span><\/a><\/p>\n","protected":false},"author":1,"featured_media":0,"comment_status":"open","ping_status":"closed","sticky":false,"template":"","format":"standard","meta":{"footnotes":""},"categories":[1],"tags":[],"class_list":["post-8967","post","type-post","status-publish","format-standard","hentry","category-general"],"_links":{"self":[{"href":"https:\/\/www.biblia.work\/noticias\/wp-json\/wp\/v2\/posts\/8967","targetHints":{"allow":["GET"]}}],"collection":[{"href":"https:\/\/www.biblia.work\/noticias\/wp-json\/wp\/v2\/posts"}],"about":[{"href":"https:\/\/www.biblia.work\/noticias\/wp-json\/wp\/v2\/types\/post"}],"author":[{"embeddable":true,"href":"https:\/\/www.biblia.work\/noticias\/wp-json\/wp\/v2\/users\/1"}],"replies":[{"embeddable":true,"href":"https:\/\/www.biblia.work\/noticias\/wp-json\/wp\/v2\/comments?post=8967"}],"version-history":[{"count":0,"href":"https:\/\/www.biblia.work\/noticias\/wp-json\/wp\/v2\/posts\/8967\/revisions"}],"wp:attachment":[{"href":"https:\/\/www.biblia.work\/noticias\/wp-json\/wp\/v2\/media?parent=8967"}],"wp:term":[{"taxonomy":"category","embeddable":true,"href":"https:\/\/www.biblia.work\/noticias\/wp-json\/wp\/v2\/categories?post=8967"},{"taxonomy":"post_tag","embeddable":true,"href":"https:\/\/www.biblia.work\/noticias\/wp-json\/wp\/v2\/tags?post=8967"}],"curies":[{"name":"wp","href":"https:\/\/api.w.org\/{rel}","templated":true}]}}