{"id":8969,"date":"2016-11-17T06:15:02","date_gmt":"2016-11-17T11:15:02","guid":{"rendered":"http:\/\/www.biblia.work\/noticias\/el-papa-en-sta-marta-dios-siente-un-amor-loco-por-su-pueblo\/"},"modified":"2016-11-17T06:15:02","modified_gmt":"2016-11-17T11:15:02","slug":"el-papa-en-sta-marta-dios-siente-un-amor-loco-por-su-pueblo","status":"publish","type":"post","link":"https:\/\/www.biblia.work\/noticias\/el-papa-en-sta-marta-dios-siente-un-amor-loco-por-su-pueblo\/","title":{"rendered":"El Papa en Sta. Marta: Dios siente un \u201camor loco\u201d por su pueblo"},"content":{"rendered":"<p style=\"text-align: justify\"><span style=\"font-weight: 400\">(ZENIT &#8211; Ciudad del Vaticano).- El papa Francisco ha reflexionado en la homil\u00eda de este jueves en Santa Marta sobre el \u201camor loco de Dios por su pueblo\u201d y \u201cnuestra infidelidad\u201d. Un drama &#8211;ha explicado&#8211; que hace llorar a Jes\u00fas delante de Jerusal\u00e9n que no ha reconocido el tiempo en el que ha sido visitada por Dios. <\/span><\/p>\n<p style=\"text-align: justify\"><span style=\"font-weight: 400\">La homil\u00eda ha surgido de la imagen de \u201cJes\u00fas llora sobre Jerusal\u00e9n\u201d. Jes\u00fas llora porque recuerda la historia de \u201csu pueblo\u201d. Por un lado este \u201camor sin medidas\u201d y por otro \u201cla respuesta del pueblo ego\u00edsta, desconfiada, ad\u00faltera, idol\u00e1trica\u201d. Amor loco de Dios por su pueblo, ha asegurado el Santo Padre. <\/span><\/p>\n<p style=\"text-align: justify\"><span style=\"font-weight: 400\">En el Evangelio del d\u00eda, Jes\u00fas lamenta tambi\u00e9n \u201cporque no has reconocido el tiempo en el que has sido visitado\u201d. <\/span><span style=\"font-weight: 400\">Y esto \u201cduele al coraz\u00f3n de Jesucristo, esta historia de infidelidad, esta historia de no reconocer la caricia de Dios, el amor de Dios, de un Dios enamorado que te busca, busca que tambi\u00e9n t\u00fa seas feliz\u201d. Jes\u00fas vio en ese momento qu\u00e9 le esperaba como Hijo, y llor\u00f3. Y este drama no sucedi\u00f3 solo en la historia con Jes\u00fas, es un drama de todos los d\u00edas. Por eso ha invitado a preguntarse: \u201c\u00bfs\u00e9 reconocer el tiempo en el cual he sido visitado? \u00bfMe visita Dios?\u201d<\/span><\/p>\n<p style=\"text-align: justify\"><span style=\"font-weight: 400\">Por otro lado, el Papa subraya que el otro d\u00eda la Liturgia reflexionaba sobre tres momentos de la visita de Dios: para corregir, para entrar en di\u00e1logo con nosotros, y para ser invitado a nuestra casa. Cuando Dios quiere corregir &#8211;ha asegurado el Papa&#8211; invita a cambiar de vida. <\/span><\/p>\n<p style=\"text-align: justify\"><span style=\"font-weight: 400\">El Pont\u00edfice ha invitado a preguntarse c\u00f3mo est\u00e1 nuestro coraz\u00f3n, \u201chacer un examen de conciencia\u201d, \u201cpreguntarse si s\u00e9 escuchar la palabra de Jes\u00fas\u201d cuando llama \u201ca mi puerta\u201d y dice: \u201ccorr\u00edgete\u201d. <\/span><\/p>\n<p style=\"text-align: justify\"><span style=\"font-weight: 400\">Asimismo, el Papa ha precisado que cada uno de nosotros puede caer en el mismo pecado del pueblo de Israel, en el mismo pecado de Jerusal\u00e9n: \u201cno reconocer el tiempo en el que hemos sido visitados. Y \u201ccada d\u00eda\u201d, \u201cel Se\u00f1or nos visita\u201d, \u201ccada d\u00eda llama a nuestra puerta\u201d, ha recordado. De este modo, el Papa ha pedido \u201caprender a reconocer esto para no terminar en esa situaci\u00f3n tan dolorosa\u201d. <\/span><\/p>\n<p style=\"text-align: justify\"><span style=\"font-weight: 400\">Y ha planteado m\u00e1s preguntas: \u201c\u00bfHaces todos los d\u00edas un examen de conciencia sobre esto? \u00bfHoy el Se\u00f1or me ha visitado? \u00bfHe escuchado alguna invitaci\u00f3n, alguna experiencia para seguirlo m\u00e1s de cerc, para hacer una obra de caridad, para rezar un poco m\u00e1s?\u201d <\/span><\/p>\n<p style=\"text-align: justify\"><span style=\"font-weight: 400\">Finalmente, el Santo Padre ha pedido que el Se\u00f1or \u201cnos d\u00e9 a todos nosotros la gracia de reconocer el tiempo en el que hemos sido visitados, somos visitados y seremos visitados\u201d para abrir la puerta a Jes\u00fas y as\u00ed hacer que \u201cnuestro coraz\u00f3n sea m\u00e1s amplio en el amor y sierva en el amor al Se\u00f1or Jes\u00fas\u201d. <\/span><\/p>\n<p><span class=\"et_bloom_bottom_trigger\"><\/span><\/p>\n<p><a href=\"https:\/\/es.zenit.org\/\" target=\"_blank\" rel=\"nofollow\">Fuente: es.zenit.org<\/a><\/p>\n","protected":false},"excerpt":{"rendered":"<p>(ZENIT &#8211; Ciudad del Vaticano).- El papa Francisco ha reflexionado en la homil\u00eda de este jueves en Santa Marta sobre el \u201camor loco de Dios por su pueblo\u201d y \u201cnuestra infidelidad\u201d. Un drama &#8211;ha explicado&#8211; que hace llorar a Jes\u00fas delante de Jerusal\u00e9n que no ha reconocido el tiempo en el que ha sido visitada &hellip; <a href=\"https:\/\/www.biblia.work\/noticias\/el-papa-en-sta-marta-dios-siente-un-amor-loco-por-su-pueblo\/\" class=\"more-link\">Continuar leyendo<span class=\"screen-reader-text\"> \u00abEl Papa en Sta. Marta: Dios siente un \u201camor loco\u201d por su pueblo\u00bb<\/span><\/a><\/p>\n","protected":false},"author":1,"featured_media":0,"comment_status":"open","ping_status":"closed","sticky":false,"template":"","format":"standard","meta":{"footnotes":""},"categories":[1],"tags":[],"class_list":["post-8969","post","type-post","status-publish","format-standard","hentry","category-general"],"_links":{"self":[{"href":"https:\/\/www.biblia.work\/noticias\/wp-json\/wp\/v2\/posts\/8969","targetHints":{"allow":["GET"]}}],"collection":[{"href":"https:\/\/www.biblia.work\/noticias\/wp-json\/wp\/v2\/posts"}],"about":[{"href":"https:\/\/www.biblia.work\/noticias\/wp-json\/wp\/v2\/types\/post"}],"author":[{"embeddable":true,"href":"https:\/\/www.biblia.work\/noticias\/wp-json\/wp\/v2\/users\/1"}],"replies":[{"embeddable":true,"href":"https:\/\/www.biblia.work\/noticias\/wp-json\/wp\/v2\/comments?post=8969"}],"version-history":[{"count":0,"href":"https:\/\/www.biblia.work\/noticias\/wp-json\/wp\/v2\/posts\/8969\/revisions"}],"wp:attachment":[{"href":"https:\/\/www.biblia.work\/noticias\/wp-json\/wp\/v2\/media?parent=8969"}],"wp:term":[{"taxonomy":"category","embeddable":true,"href":"https:\/\/www.biblia.work\/noticias\/wp-json\/wp\/v2\/categories?post=8969"},{"taxonomy":"post_tag","embeddable":true,"href":"https:\/\/www.biblia.work\/noticias\/wp-json\/wp\/v2\/tags?post=8969"}],"curies":[{"name":"wp","href":"https:\/\/api.w.org\/{rel}","templated":true}]}}