{"id":8975,"date":"2016-11-17T08:05:02","date_gmt":"2016-11-17T13:05:02","guid":{"rendered":"http:\/\/www.biblia.work\/noticias\/papa-francisco-esten-atentos-a-su-corazon-para-saber-cuando-los-visita-jesus\/"},"modified":"2016-11-17T08:05:02","modified_gmt":"2016-11-17T13:05:02","slug":"papa-francisco-esten-atentos-a-su-corazon-para-saber-cuando-los-visita-jesus","status":"publish","type":"post","link":"https:\/\/www.biblia.work\/noticias\/papa-francisco-esten-atentos-a-su-corazon-para-saber-cuando-los-visita-jesus\/","title":{"rendered":"Papa Francisco: Est\u00e9n atentos a su coraz\u00f3n para saber cu\u00e1ndo los visita Jes\u00fas"},"content":{"rendered":"<p> VATICANO, 17 Nov. 16 (ACI).-<br \/>\n\tEn la homil&iacute;a de la Misa celebrada en la Casa Santa Marta, en el Vaticano, el Papa Francisco record&oacute; la escena del Evangelio en la que Jes&uacute;s llora al contemplar la ciudad de Jerusal&eacute;n, y se&ntilde;al&oacute; que el Se&ntilde;or nos visita cada d&iacute;a, por lo que tenemos que estar atentos para saber reconocerlo.<\/p>\n<p style=\"text-align: justify\">\n\tEl Santo Padre se&ntilde;al&oacute; que lo que genera dolor en el coraz&oacute;n de Jes&uacute;s es la &ldquo;historia de infidelidad&rdquo; de su pueblo, una &ldquo;historia de no reconocer las caricias de Dios, el amor de Dios, de un Dios enamorado que te busca, que quiere que t&uacute; seas feliz&rdquo;.<\/p>\n<p style=\"text-align: justify\">\n\tEn aquel momento, ante la Ciudad Santa, &ldquo;Jes&uacute;s vio lo que le esperaba como Hijo. Y pens&oacute;: &lsquo;Este pueblo no ha reconocido el tiempo en el que he venido a visitarlo&rsquo;. Este drama no es algo que pertenezca solo a la historia, algo que termin&oacute; con Jes&uacute;s. Es el drama de cada d&iacute;a. Incluso es mi drama. Podemos preguntarnos cada uno de nosotros: &lsquo;&iquest;Reconozco el tiempo en el que me han visitado? &iquest;Me visita Dios?&rsquo;&rdquo;.<\/p>\n<p style=\"text-align: justify\">\n\t&ldquo;Cada uno de nosotros puede caer con frecuencia en el pecado del pueblo de Israel&rdquo;, advirti&oacute; el Santo Padre. Podemos caer &ldquo;en el mismo pecado de Jerusal&eacute;n: no reconocer el tiempo en el cual hemos sido visitados&rdquo;.<\/p>\n<p style=\"text-align: justify\">\n\tFrancisco explic&oacute; que &ldquo;cada d&iacute;a el Se&ntilde;or te hace una visita, cada d&iacute;a llama a nuestra puerta. Debemos aprender a reconocer esa llamada para no terminar en esa situaci&oacute;n tan dolorosa&rdquo;. El Papa invit&oacute; a los presentes a preguntarse si acaso &ldquo;&iquest;he sentido alguna invitaci&oacute;n, alguna inspiraci&oacute;n para seguir a Jes&uacute;s m&aacute;s de cerca, para hacer una obra de caridad, para rezar un poco m&aacute;s?&rdquo;.<\/p>\n<p style=\"text-align: justify\">\n\t&ldquo;Jes&uacute;s llora no solo por Jerusal&eacute;n, sino por todos nosotros&rdquo;, explic&oacute;, y asegur&oacute; que el Se&ntilde;or &ldquo;da su vida para que seamos capaces de darnos cuenta de su visita&rdquo;.<\/p>\n<p style=\"text-align: justify\">\n\tEl Papa finaliz&oacute; la homil&iacute;a recordando una frase &ldquo;muy fuerte&rdquo; de San Agust&iacute;n, quien dec&iacute;a &ldquo;&lsquo;&iexcl;Tengo miedo de Dios, de Jes&uacute;s, cuando pasa!&rsquo;. Pero, &iquest;de qu&eacute; tiene miedo San Agust&iacute;n? &lsquo;&iexcl;De no reconocerlo!&rsquo;. Si no est&aacute;s atento a tu coraz&oacute;n, nunca sabr&aacute;s si Jes&uacute;s te est&aacute; visitando o no&rdquo;.<\/p>\n<p style=\"text-align: justify\">\n\tEvangelio comentado por el Papa:<\/p>\n<p style=\"text-align: justify\">\n\tMateo 25:31-40<\/p>\n<p style=\"text-align: justify\">\n\t31 Cuando el Hijo del hombre venga en su gloria acompa&ntilde;ado de todos sus &aacute;ngeles, entonces se sentar&aacute; en su trono de gloria.<br \/>\n\t32 Ser&aacute;n congregadas delante de &eacute;l todas las naciones, y &eacute;l separar&aacute; a los unos de los otros, como el pastor separa las ovejas de los cabritos.<br \/>\n\t33 Pondr&aacute; las ovejas a su derecha, y los cabritos a su izquierda.<br \/>\n\t34 Entonces dir&aacute; el Rey a los de su derecha: &ldquo;Venid, benditos de mi Padre, recibid la herencia del Reino preparado para vosotros desde la creaci&oacute;n del mundo.<br \/>\n\t35 Porque tuve hambre, y me disteis de comer; tuve sed, y me disteis de beber; era forastero, y me acogisteis;<br \/>\n\t36 estaba desnudo, y me vestisteis; enfermo, y me visitasteis; en la c&aacute;rcel, y vinisteis a verme&rdquo;.<br \/>\n\t37 Entonces los justos le responder&aacute;n: &ldquo;Se&ntilde;or, &iquest;cu&aacute;ndo te vimos hambriento, y te dimos de comer; o sediento, y te dimos de beber?<br \/>\n\t38 &iquest;Cu&aacute;ndo te vimos forastero, y te acogimos; o desnudo, y te vestimos?<br \/>\n\t39 &iquest;Cu&aacute;ndo te vimos enfermo o en la c&aacute;rcel, y fuimos a verte?&rdquo;.<br \/>\n\t40 Y el Rey les dir&aacute;: &ldquo;En verdad os digo que cuanto hicisteis a unos de estos hermanos m&iacute;os m&aacute;s peque&ntilde;os, a m&iacute; me lo hicisteis&rdquo;.<\/p>\n<p style=\"text-align: justify\">\n\tTambi&eacute;n te puede interesar:<\/p>\n<p style=\"text-align: justify\">\n\t\tSi conoces a alguien que es molesto o insoportable, el Papa te invita a actuar as&iacute; https:\/\/t.co\/U7nlxoufSF<\/p>\n<p>\t&mdash; ACI Prensa (@aciprensa) 16 de noviembre de 2016<\/p>\n","protected":false},"excerpt":{"rendered":"<p>VATICANO, 17 Nov. 16 (ACI).- En la homil&iacute;a de la Misa celebrada en la Casa Santa Marta, en el Vaticano, el Papa Francisco record&oacute; la escena del Evangelio en la que Jes&uacute;s llora al contemplar la ciudad de Jerusal&eacute;n, y se&ntilde;al&oacute; que el Se&ntilde;or nos visita cada d&iacute;a, por lo que tenemos que estar atentos &hellip; <a href=\"https:\/\/www.biblia.work\/noticias\/papa-francisco-esten-atentos-a-su-corazon-para-saber-cuando-los-visita-jesus\/\" class=\"more-link\">Continuar leyendo<span class=\"screen-reader-text\"> \u00abPapa Francisco: Est\u00e9n atentos a su coraz\u00f3n para saber cu\u00e1ndo los visita Jes\u00fas\u00bb<\/span><\/a><\/p>\n","protected":false},"author":1,"featured_media":0,"comment_status":"open","ping_status":"closed","sticky":false,"template":"","format":"standard","meta":{"footnotes":""},"categories":[1],"tags":[],"class_list":["post-8975","post","type-post","status-publish","format-standard","hentry","category-general"],"_links":{"self":[{"href":"https:\/\/www.biblia.work\/noticias\/wp-json\/wp\/v2\/posts\/8975","targetHints":{"allow":["GET"]}}],"collection":[{"href":"https:\/\/www.biblia.work\/noticias\/wp-json\/wp\/v2\/posts"}],"about":[{"href":"https:\/\/www.biblia.work\/noticias\/wp-json\/wp\/v2\/types\/post"}],"author":[{"embeddable":true,"href":"https:\/\/www.biblia.work\/noticias\/wp-json\/wp\/v2\/users\/1"}],"replies":[{"embeddable":true,"href":"https:\/\/www.biblia.work\/noticias\/wp-json\/wp\/v2\/comments?post=8975"}],"version-history":[{"count":0,"href":"https:\/\/www.biblia.work\/noticias\/wp-json\/wp\/v2\/posts\/8975\/revisions"}],"wp:attachment":[{"href":"https:\/\/www.biblia.work\/noticias\/wp-json\/wp\/v2\/media?parent=8975"}],"wp:term":[{"taxonomy":"category","embeddable":true,"href":"https:\/\/www.biblia.work\/noticias\/wp-json\/wp\/v2\/categories?post=8975"},{"taxonomy":"post_tag","embeddable":true,"href":"https:\/\/www.biblia.work\/noticias\/wp-json\/wp\/v2\/tags?post=8975"}],"curies":[{"name":"wp","href":"https:\/\/api.w.org\/{rel}","templated":true}]}}