{"id":8976,"date":"2016-11-17T08:15:02","date_gmt":"2016-11-17T13:15:02","guid":{"rendered":"http:\/\/www.biblia.work\/noticias\/el-papa-a-los-empresarios-catolicos-la-corrupcion-es-la-peor-plaga-social\/"},"modified":"2016-11-17T08:15:02","modified_gmt":"2016-11-17T13:15:02","slug":"el-papa-a-los-empresarios-catolicos-la-corrupcion-es-la-peor-plaga-social","status":"publish","type":"post","link":"https:\/\/www.biblia.work\/noticias\/el-papa-a-los-empresarios-catolicos-la-corrupcion-es-la-peor-plaga-social\/","title":{"rendered":"El Papa a los empresarios cat\u00f3licos: \u201cLa corrupci\u00f3n es la peor plaga social\u201d"},"content":{"rendered":"<p style=\"text-align: justify\">(ZENIT &#8211; Ciudad del Vaticano).- \u201cLa corrupci\u00f3n es la peor plaga social\u201d porque \u201ces la ley de la selva disfrazada de aparente racionalidad social\u201d. Lo asegur\u00f3 el papa Francisco dirigi\u00e9ndose a los empresarios reunidos este jueves en audiencia concedida a la Conferencia internacional de las Asociaciones de empresarios cat\u00f3licos, (UNIAPAC).<\/p>\n<p style=\"text-align: justify\">A\u00f1adi\u00f3 que \u201cla corrupci\u00f3n es un fraude a la democracia y abre las puertas a otros males terribles como la droga, la prostituci\u00f3n y la trata de personas, la esclavitud, el comercio de \u00f3rganos, el tr\u00e1fico de armas, etc. La corrupci\u00f3n es hacerse seguidor del diablo, padre de la mentira\u201d.<\/p>\n<p style=\"text-align: justify\">Quiso precisar entretanto que esto se da \u201cno solamente en la pol\u00edtica, sino tambi\u00e9n las\u00a0empresas, medios de comunicaci\u00f3n, en las Iglesias, y tambi\u00e9n hay corrupci\u00f3n en las organizaciones sociales y los movimientos populares\u201d.<\/p>\n<p style=\"text-align: justify\">Alert\u00f3 que existen muchas veces tentaciones de minimizar este mal como justificarse porque hay que &#8220;salvar la empresa o su comunidad de trabajadores&#8221;\u00a0o\u00a0la tentaci\u00f3n de pensar que &#8220;se trata de algo que todos hacen o que no tienen mayor importancia\u201d. Y concluy\u00f3 que \u201ccualquier intento de corrupci\u00f3n, activa o pasiva, es comenzar a adorar al dios dinero\u201d.<\/p>\n<p style=\"text-align: justify\">El Santo Padre quiso indicar un tercer punto, &#8216;la fraternidad&#8217; que debe llevar a estar \u201cpor encima de la l\u00f3gica de los intercambios\u201d sin olvidar la gratuidad, como elemento imprescindible de la vida social y econ\u00f3mica\u201d. Porque, a\u00f1adi\u00f3, \u201cel respeto del otro como hermano debe extenderse tambi\u00e9n a la comunidad local en la que se ubica f\u00edsicamente la empresa y las relaciones jur\u00eddicas y econ\u00f3micas de la misma.<\/p>\n<p style=\"text-align: justify\">Sobre la fraternidad, el Pont\u00edfice record\u00f3 tambi\u00e9n las emigraciones y los refugiados, un tema \u201cque oprime nuestros corazones\u201d.<\/p>\n<p style=\"text-align: justify\">\u201cLa Santa Sede y las Iglesias locales -asegur\u00f3- est\u00e1n haciendo esfuerzos extraordinarios para afrontar eficazmente las causas de esta situaci\u00f3n, buscando la pacificaci\u00f3n de las regiones y pa\u00edses en guerra y promoviendo el esp\u00edritu de acogida\u201d.<\/p>\n<p style=\"text-align: justify\">Se\u00f1alando\u00a0las causas de los conflictos se refiri\u00f3 a la fabricaci\u00f3n de actividades que alimentan la guerra: \u201cLes pido por esto a los empresarios &#8211;exhort\u00f3 el Papa&#8211; que traten de convencer a los gobiernos para que renuncien a cualquier tipo de actividad b\u00e9lica\u201d.<\/p>\n<p style=\"text-align: justify\">Y volviendo a las migraciones se\u00f1al\u00f3 que es necesario que estas sigan siendo \u201cun factor importante de desarrollo\u201d sin olvidar \u201cque vuestros abuelos o nuestros padres, llegaron de Italia, Espa\u00f1a, Portugal, L\u00edbano u otros pa\u00edses a Am\u00e9rica del Sur y del Norte, casi siempre en condiciones de pobreza extrema\u201d. A pesar de ello \u201cpudieron sacar adelante una familia, progresar y hasta convertirse en empresarios porque encontraron sociedades acogedoras, a veces tan pobres como ellos, pero dispuestas a compartir lo poco que ten\u00edan\u201d dijo.<\/p>\n<p style=\"text-align: justify\">\u201cMantengan y transmitan &#8211;exhort\u00f3 Francisco&#8211; este esp\u00edritu que tiene ra\u00edz cristiana, manifestando tambi\u00e9n aqu\u00ed el genio empresarial y al concluir record\u00f3 que la UNIAPAC y ACDE le evocan \u201cel recuerdo del empresario argentino Enrique Shaw, uno de sus fundadores, cuya causa de beatificaci\u00f3n pude promover cuando era arzobispo de Buenos Aires\u201d.<\/p>\n<p style=\"text-align: justify\"><span style=\"color: #3366ff\"><a style=\"color: #3366ff\" href=\"https:\/\/es.zenit.org\/articles\/el-papa-a-los-empresarios-catolicos-el-dinero-debe-servir-en-vez-de-gobernar\/\">Leer la primera parte<\/a><\/span><\/p>\n<p><span class=\"et_bloom_bottom_trigger\"><\/span><\/p>\n<p><a href=\"https:\/\/es.zenit.org\/\" target=\"_blank\" rel=\"nofollow\">Fuente: es.zenit.org<\/a><\/p>\n","protected":false},"excerpt":{"rendered":"<p>(ZENIT &#8211; Ciudad del Vaticano).- \u201cLa corrupci\u00f3n es la peor plaga social\u201d porque \u201ces la ley de la selva disfrazada de aparente racionalidad social\u201d. Lo asegur\u00f3 el papa Francisco dirigi\u00e9ndose a los empresarios reunidos este jueves en audiencia concedida a la Conferencia internacional de las Asociaciones de empresarios cat\u00f3licos, (UNIAPAC). A\u00f1adi\u00f3 que \u201cla corrupci\u00f3n es &hellip; <a href=\"https:\/\/www.biblia.work\/noticias\/el-papa-a-los-empresarios-catolicos-la-corrupcion-es-la-peor-plaga-social\/\" class=\"more-link\">Continuar leyendo<span class=\"screen-reader-text\"> \u00abEl Papa a los empresarios cat\u00f3licos: \u201cLa corrupci\u00f3n es la peor plaga social\u201d\u00bb<\/span><\/a><\/p>\n","protected":false},"author":1,"featured_media":0,"comment_status":"open","ping_status":"closed","sticky":false,"template":"","format":"standard","meta":{"footnotes":""},"categories":[1],"tags":[],"class_list":["post-8976","post","type-post","status-publish","format-standard","hentry","category-general"],"_links":{"self":[{"href":"https:\/\/www.biblia.work\/noticias\/wp-json\/wp\/v2\/posts\/8976","targetHints":{"allow":["GET"]}}],"collection":[{"href":"https:\/\/www.biblia.work\/noticias\/wp-json\/wp\/v2\/posts"}],"about":[{"href":"https:\/\/www.biblia.work\/noticias\/wp-json\/wp\/v2\/types\/post"}],"author":[{"embeddable":true,"href":"https:\/\/www.biblia.work\/noticias\/wp-json\/wp\/v2\/users\/1"}],"replies":[{"embeddable":true,"href":"https:\/\/www.biblia.work\/noticias\/wp-json\/wp\/v2\/comments?post=8976"}],"version-history":[{"count":0,"href":"https:\/\/www.biblia.work\/noticias\/wp-json\/wp\/v2\/posts\/8976\/revisions"}],"wp:attachment":[{"href":"https:\/\/www.biblia.work\/noticias\/wp-json\/wp\/v2\/media?parent=8976"}],"wp:term":[{"taxonomy":"category","embeddable":true,"href":"https:\/\/www.biblia.work\/noticias\/wp-json\/wp\/v2\/categories?post=8976"},{"taxonomy":"post_tag","embeddable":true,"href":"https:\/\/www.biblia.work\/noticias\/wp-json\/wp\/v2\/tags?post=8976"}],"curies":[{"name":"wp","href":"https:\/\/api.w.org\/{rel}","templated":true}]}}