{"id":8978,"date":"2016-11-17T09:15:02","date_gmt":"2016-11-17T14:15:02","guid":{"rendered":"http:\/\/www.biblia.work\/noticias\/francisco-pide-que-la-sociedad-aprenda-el-arte-de-la-solidaridad\/"},"modified":"2016-11-17T09:15:02","modified_gmt":"2016-11-17T14:15:02","slug":"francisco-pide-que-la-sociedad-aprenda-el-arte-de-la-solidaridad","status":"publish","type":"post","link":"https:\/\/www.biblia.work\/noticias\/francisco-pide-que-la-sociedad-aprenda-el-arte-de-la-solidaridad\/","title":{"rendered":"Francisco pide que la sociedad aprenda el \u201carte de la solidaridad\u201d"},"content":{"rendered":"<p style=\"text-align: justify\"><span style=\"font-weight: 400\">(ZENIT).- La Iglesia \u201cexiste para evangelizar\u201d, pero la evangelizaci\u00f3n requiere adaptarse a las distintas situaciones, teniendo en cuenta la vida familiar y la social, como tambi\u00e9n la vida internacional con especial atenci\u00f3n a la paz, a la justicia, al desarrollo. As\u00ed lo explica el <\/span><span style=\"font-weight: 400\">papa Francisco en su mensaje a los miembros del Consejo de Representaci\u00f3n de C<\/span><i><span style=\"font-weight: 400\">aritas Internationalis<\/span><\/i><span style=\"font-weight: 400\">. Durante el encuentro, \u00a0el Santo Padre ha querido dejar de lado el discurso preparado y ha hablado improvisando y respondiendo a las preguntas planteadas por algunos participantes. <\/span><\/p>\n<p style=\"text-align: justify\"><span style=\"font-weight: 400\">En el discurso preparado y entregado a los presentes, el Pont\u00edfice recuerda que en la apertura del S\u00ednodo sobre la Nueva Evangelizaci\u00f3n, el papa Benedicto XVI recordaba que los dos pilares de la evangelizaci\u00f3n son \u201cconfesi\u00f3n y caridad\u201d. <\/span><\/p>\n<p style=\"text-align: justify\"><span style=\"font-weight: 400\">De este modo, recuerda que \u201cestamos llamados a actuar contra la exclusi\u00f3n social de los m\u00e1s d\u00e9biles\u201d y \u201ctrabajar por su integraci\u00f3n\u201d. \u00a0<\/span><span style=\"font-weight: 400\">Asimismo, advierte de que nuestras sociedades est\u00e1n a menudo dominadas por la cultura \u201cdel descarte\u201d y necesitan \u201csuperar la indiferencia\u201d y \u201cel repliegue sobre s\u00ed mismas\u201d para \u201caprender el arte de la solidaridad\u201d. <\/span><\/p>\n<p style=\"text-align: justify\"><span style=\"font-weight: 400\">El Pont\u00edfice subraya lo fundamental de la misi\u00f3n de las distintas C\u00e1ritas nacionales y \u201cel rol espec\u00edfico en la Iglesia\u201d. No son \u201cdelegaciones sociales\u201d, asegura, sino \u201corganismos eclesiales que comparten la misi\u00f3n de la Iglesia\u201d. <\/span><\/p>\n<p style=\"text-align: justify\"><span style=\"font-weight: 400\">Adem\u00e1s, les da las gracias \u201cen nombre de toda la Iglesia\u201d por lo que hacen por los \u00faltimos. Y les anima a \u201cproseguir en esta misi\u00f3n\u201d. El Santo Padre les anima a llevar el mensaje del Evangelio de la alegr\u00eda en todo el mundo, sobre todo a quien es dejado atr\u00e1s, pero tambi\u00e9n \u201ca quien tiene el poder de cambiar las cosas, porque es posible cambiar\u201d. <\/span><\/p>\n<p style=\"text-align: justify\"><span style=\"font-weight: 400\">La pobreza, el hambre, las enfermedades, la opresi\u00f3n no son una \u201cfatalidad\u201d y no pueden \u201crepresentar situaciones permanentes\u201d. <\/span><\/p>\n<p style=\"text-align: justify\"><span style=\"font-weight: 400\">Por otro lado les ha invitado a tener siempre \u201cvalent\u00eda prof\u00e9tica\u201d, a \u201crechazar todo lo que humilla al hombre\u201d y \u201ctodo tipo de explotaci\u00f3n que lo degrada\u201d. Al mismo tiempo que les ha pedido que contin\u00faen proponiendo esos \u201cpeque\u00f1os y grandes signos\u201d de hospitalidad y de solidaridad que tienen la capacidad de iluminar la vida de ni\u00f1os y ancianos, de migrantes y refugiados que buscan paz. <\/span><\/p>\n<p style=\"text-align: justify\"><span style=\"font-weight: 400\">El Pont\u00edfice se muestra contento por que <\/span><i><span style=\"font-weight: 400\">Caritas Internationalis <\/span><\/i><span style=\"font-weight: 400\">llevar\u00e1 adelante una campa\u00f1a precisamente sobre el tema de las migraciones. Por eso espera que esta iniciativa \u201cabra los corazones de muchos a la acogida de los refugiados y de los migrantes\u201d, para que \u201cpuedan sentirse realmente en casa en nuestras comunidades\u201d. <\/span><\/p>\n<p style=\"text-align: justify\"><span style=\"font-weight: 400\">Indica tambi\u00e9n que son \u201cartesanos de paz y de reconciliaci\u00f3n entre los pueblos, entre las comunidades, entre los creyentes\u201d. De este modo, les pide que trabajen con todas sus fuerzas para \u201ctrabajar en sinergia con las otras comunidades de fe\u201d que, como ellos, \u201cponen la dignidad de las personas al centro de su atenci\u00f3n\u201d. <\/span><\/p>\n<p style=\"text-align: justify\"><span style=\"font-weight: 400\">Finalmente, el Santo Padre les pide que luchen contra la pobreza<\/span><span style=\"font-weight: 400\"> y al mismo tiempo aprendan de los pobres. <\/span><\/p>\n<p><span class=\"et_bloom_bottom_trigger\"><\/span><\/p>\n<p><a href=\"https:\/\/es.zenit.org\/\" target=\"_blank\" rel=\"nofollow\">Fuente: es.zenit.org<\/a><\/p>\n","protected":false},"excerpt":{"rendered":"<p>(ZENIT).- La Iglesia \u201cexiste para evangelizar\u201d, pero la evangelizaci\u00f3n requiere adaptarse a las distintas situaciones, teniendo en cuenta la vida familiar y la social, como tambi\u00e9n la vida internacional con especial atenci\u00f3n a la paz, a la justicia, al desarrollo. As\u00ed lo explica el papa Francisco en su mensaje a los miembros del Consejo de &hellip; <a href=\"https:\/\/www.biblia.work\/noticias\/francisco-pide-que-la-sociedad-aprenda-el-arte-de-la-solidaridad\/\" class=\"more-link\">Continuar leyendo<span class=\"screen-reader-text\"> \u00abFrancisco pide que la sociedad aprenda el \u201carte de la solidaridad\u201d\u00bb<\/span><\/a><\/p>\n","protected":false},"author":1,"featured_media":0,"comment_status":"open","ping_status":"closed","sticky":false,"template":"","format":"standard","meta":{"footnotes":""},"categories":[1],"tags":[],"class_list":["post-8978","post","type-post","status-publish","format-standard","hentry","category-general"],"_links":{"self":[{"href":"https:\/\/www.biblia.work\/noticias\/wp-json\/wp\/v2\/posts\/8978","targetHints":{"allow":["GET"]}}],"collection":[{"href":"https:\/\/www.biblia.work\/noticias\/wp-json\/wp\/v2\/posts"}],"about":[{"href":"https:\/\/www.biblia.work\/noticias\/wp-json\/wp\/v2\/types\/post"}],"author":[{"embeddable":true,"href":"https:\/\/www.biblia.work\/noticias\/wp-json\/wp\/v2\/users\/1"}],"replies":[{"embeddable":true,"href":"https:\/\/www.biblia.work\/noticias\/wp-json\/wp\/v2\/comments?post=8978"}],"version-history":[{"count":0,"href":"https:\/\/www.biblia.work\/noticias\/wp-json\/wp\/v2\/posts\/8978\/revisions"}],"wp:attachment":[{"href":"https:\/\/www.biblia.work\/noticias\/wp-json\/wp\/v2\/media?parent=8978"}],"wp:term":[{"taxonomy":"category","embeddable":true,"href":"https:\/\/www.biblia.work\/noticias\/wp-json\/wp\/v2\/categories?post=8978"},{"taxonomy":"post_tag","embeddable":true,"href":"https:\/\/www.biblia.work\/noticias\/wp-json\/wp\/v2\/tags?post=8978"}],"curies":[{"name":"wp","href":"https:\/\/api.w.org\/{rel}","templated":true}]}}