{"id":8984,"date":"2016-11-17T11:10:02","date_gmt":"2016-11-17T16:10:02","guid":{"rendered":"http:\/\/www.biblia.work\/noticias\/cristianos-piden-que-trump-los-proteja-del-genocidio-islamico\/"},"modified":"2016-11-17T11:10:02","modified_gmt":"2016-11-17T16:10:02","slug":"cristianos-piden-que-trump-los-proteja-del-genocidio-islamico","status":"publish","type":"post","link":"https:\/\/www.biblia.work\/noticias\/cristianos-piden-que-trump-los-proteja-del-genocidio-islamico\/","title":{"rendered":"Cristianos piden que Trump los proteja del genocidio isl\u00e1mico"},"content":{"rendered":"<p style=\"text-align: justify\">MEDIO ORIENTE. &#8211; Un grupo cristiano asirio public\u00f3 una carta abierta al presidente electo de los Estados Unidos, Donald Trump. Adem\u00e1s de felicitar al multimillonario, le recordaron el genocidio que han llevado a cabo grupos terroristas isl\u00e1micos en el Medio Oriente. Ellos solicitaron que cumpla con sus promesas para protegerlos y ayudarlos a volver a casa.<\/p>\n<p style=\"text-align: justify\">Carlo Kooktapeh Ganjeh, EE.UU. representante de la Alianza Asiria Universal. Indic\u00f3 que hay diferentes ramas del cristianismo, as\u00ed como otras minor\u00edas, Irak, Siria, Turqu\u00eda e Ir\u00e1n, siguen siendo &#8220;v\u00edctimas de genocidio por ISIS (Estado Isl\u00e1mico) desde su ascensi\u00f3n en Medio Oriente&#8221;.<\/p>\n<p style=\"text-align: justify\">El gobierno de Estados Unidos reconoci\u00f3 el genocidio el 17 de marzo de este a\u00f1o, anunciado por el secretario de Estado, John Kerry. Lo mismo ocurri\u00f3 un mes antes en el Parlamento Europeo. Sin embargo, la ONU s\u00f3lo reconoci\u00f3 el genocidio contra la minor\u00eda \u00e9tnico-religioso yazidi.<\/p>\n<p style=\"text-align: justify\">De acuerdo con la Alianza Asiria, el mundo necesita &#8220;una direcci\u00f3n clara de los Estados Unidos para lograr la paz duradera y la seguridad, especialmente en el Medio Oriente&#8221;. La carta pide que se ponga fin a las acciones de la extrema violencia por parte de grupos como el Estado Isl\u00e1mico &#8211; tambi\u00e9n conocidos como ISIS, ISIL o Daesh.<\/p>\n<p style=\"text-align: justify\">Los cristianos de Irak han sido durante mucho tiempo v\u00edctimas de violaciones de derechos humanos a manos de grupos terroristas, que incluyeron el exterminio por causa de la intolerancia religiosa.<\/p>\n<p style=\"text-align: justify\">Yonathan Betkolia, secretario general de la Alianza Asiria Universal, dijo en un comunicado: &#8220;La violaci\u00f3n y el asesinato de mujeres y ni\u00f1os, matanza de personas de edad avanzada, la ocupaci\u00f3n del suelo, el desplazamiento forzado y su uso como escudos humanos s\u00f3lo son peque\u00f1a muestra de los cr\u00edmenes de estos grupos terroristas que, desgraciadamente, no se ha abordado de manera efectiva por las organizaciones internacionales de derechos humanos y los Estados que dicen defender a la poblaci\u00f3n en la regi\u00f3n de asiria&#8221;.<\/p>\n<p style=\"text-align: justify\">Los asirios necesitan el apoyo de Trump para regresar a sus tierras ancestrales y reanudar su papel en la vida cotidiana en el Medio Oriente, especialmente en Irak y Siria, dice la carta.<\/p>\n<p style=\"text-align: justify\">El documento pide que Trump asegure las planicies de N\u00ednive para que &#8220;no sean transformadas en un campo de batalla de una guerra entre potencias regionales&#8221;. Tambi\u00e9n se busca el apoyo de Washington para la creaci\u00f3n de una &#8220;provincia de Planicies de N\u00ednive autogobernadas&#8221;, donde la gente asiria desplazada pueda volver a vivir en la tierra de sus antepasados.<\/p>\n<p style=\"text-align: justify\">El Estado Isl\u00e1mico y otros grupos isl\u00e1micos radicales desde 2011 han utilizado m\u00e9todos brutales para torturar y matar a los que consideran sus enemigos, especialmente los cristianos, a los que desean exterminar de la tierra.<\/p>\n<p style=\"text-align: justify\">La entrada <a rel=\"nofollow\" href=\"http:\/\/www.noticiacristiana.com\/sociedad\/persecuciones\/2016\/11\/cristianos-trump-proteja-genocidio.html\">Cristianos piden que Trump los proteja del genocidio isl\u00e1mico<\/a> aparece primero en <a rel=\"nofollow\" href=\"http:\/\/www.noticiacristiana.com\">NoticiaCristiana.com<\/a>.<\/p>\n","protected":false},"excerpt":{"rendered":"<p>MEDIO ORIENTE. &#8211; Un grupo cristiano asirio public\u00f3 una carta abierta al presidente electo de los Estados Unidos, Donald Trump. Adem\u00e1s de felicitar al multimillonario, le recordaron el genocidio que han llevado a cabo grupos terroristas isl\u00e1micos en el Medio Oriente. Ellos solicitaron que cumpla con sus promesas para protegerlos y ayudarlos a volver a &hellip; <a href=\"https:\/\/www.biblia.work\/noticias\/cristianos-piden-que-trump-los-proteja-del-genocidio-islamico\/\" class=\"more-link\">Continuar leyendo<span class=\"screen-reader-text\"> \u00abCristianos piden que Trump los proteja del genocidio isl\u00e1mico\u00bb<\/span><\/a><\/p>\n","protected":false},"author":1,"featured_media":0,"comment_status":"open","ping_status":"closed","sticky":false,"template":"","format":"standard","meta":{"footnotes":""},"categories":[1],"tags":[],"class_list":["post-8984","post","type-post","status-publish","format-standard","hentry","category-general"],"_links":{"self":[{"href":"https:\/\/www.biblia.work\/noticias\/wp-json\/wp\/v2\/posts\/8984","targetHints":{"allow":["GET"]}}],"collection":[{"href":"https:\/\/www.biblia.work\/noticias\/wp-json\/wp\/v2\/posts"}],"about":[{"href":"https:\/\/www.biblia.work\/noticias\/wp-json\/wp\/v2\/types\/post"}],"author":[{"embeddable":true,"href":"https:\/\/www.biblia.work\/noticias\/wp-json\/wp\/v2\/users\/1"}],"replies":[{"embeddable":true,"href":"https:\/\/www.biblia.work\/noticias\/wp-json\/wp\/v2\/comments?post=8984"}],"version-history":[{"count":0,"href":"https:\/\/www.biblia.work\/noticias\/wp-json\/wp\/v2\/posts\/8984\/revisions"}],"wp:attachment":[{"href":"https:\/\/www.biblia.work\/noticias\/wp-json\/wp\/v2\/media?parent=8984"}],"wp:term":[{"taxonomy":"category","embeddable":true,"href":"https:\/\/www.biblia.work\/noticias\/wp-json\/wp\/v2\/categories?post=8984"},{"taxonomy":"post_tag","embeddable":true,"href":"https:\/\/www.biblia.work\/noticias\/wp-json\/wp\/v2\/tags?post=8984"}],"curies":[{"name":"wp","href":"https:\/\/api.w.org\/{rel}","templated":true}]}}