{"id":8985,"date":"2016-11-17T11:15:02","date_gmt":"2016-11-17T16:15:02","guid":{"rendered":"http:\/\/www.biblia.work\/noticias\/el-vicario-de-palencia-nombrado-obispo-de-teruel-y-albarracin\/"},"modified":"2016-11-17T11:15:02","modified_gmt":"2016-11-17T16:15:02","slug":"el-vicario-de-palencia-nombrado-obispo-de-teruel-y-albarracin","status":"publish","type":"post","link":"https:\/\/www.biblia.work\/noticias\/el-vicario-de-palencia-nombrado-obispo-de-teruel-y-albarracin\/","title":{"rendered":"El vicario de Palencia nombrado obispo de Teruel y Albarrac\u00edn"},"content":{"rendered":"<p style=\"text-align: justify\">(ZENIT &#8211; Ciudad del Vaticano).- El Papa Francisco ha nombrado al actual vicario de la di\u00f3cesis castellana de Palencia, en Espa\u00f1a, el reverendo Antonio G\u00f3mez Cantero, como obispo de Teruel y Albarrac\u00edn.<\/p>\n<p style=\"text-align: justify\">Lo inform\u00f3 hoy la Oficina de prensa de la Santa Sede precisando que la di\u00f3cesis de Teruel y Albarrac\u00edn cuenta con una superficie de 11.867 kil\u00f3metros cuadrados, una poblaci\u00f3n de 91.200 personas de las cuales 89.800\u00a0est\u00e1n bautizados. Los sacerdotes son all\u00ed 113 y los religiosos y religiosas 114.<\/p>\n<p style=\"text-align: justify\">Desde la di\u00f3cesis de Teruel Albarrac\u00edn se\u00f1alan que don Antonio G\u00f3mez Cantero recibir\u00e1 la ordenaci\u00f3n episcopal el pr\u00f3ximo s\u00e1bado 21 de enero de 2017 en la Iglesia Catedral de Teruel a las 12 del mediod\u00eda.<\/p>\n<p style=\"text-align: justify\">La di\u00f3cesis de Teruel y Albarrac\u00edn estaba sin obispo desde el pasado 25 de junio en que don Carlos Escribano Sub\u00edas inaugur\u00f3 su nuevo servicio episcopal en la di\u00f3cesis de Calahorra y La Calzada-Logro\u00f1o, en la Rioja.<\/p>\n<p style=\"text-align: justify\">Antonio G\u00f3mez Cantero\u00a0naci\u00f3 en Quijas (Cantabria) el 31 de mayo de 1956. Curs\u00f3 estudios de bachillerato en el seminario menor de Carri\u00f3n de los Condes y eclesi\u00e1sticos en el seminario mayor de San Jos\u00e9 de Palencia. Fue ordenado sacerdote el 17 de mayo de 1981. Obtuvo la licenciatura en Teolog\u00eda Sistem\u00e1tica-B\u00edblica en el Instituto Cat\u00f3lico de Par\u00eds, en 1995.<\/p>\n<p style=\"text-align: justify\">Su ministerio sacerdotal lo ha desarrollado en la di\u00f3cesis de Palencia, donde ha desempe\u00f1ado distintos cargos pastorales: en 1982 fue nombrado vicario parroquial de San L\u00e1zaro y vocal del Consejo Presbiteral por consiliarios; adem\u00e1s de consiliario diocesano del Movimiento Junior A.C. y coordinador de consiliarios de Castilla y Le\u00f3n. En 1983 fue nombrado delegado diocesano de Pastoral Juvenil y Vocacional; en 1984, p\u00e1rroco solidario de San L\u00e1zaro; en 1985, formador del seminario mayor de Palencia; en 1986, delegado para el acompa\u00f1amiento vocacional para el presbiterado; en 1990, delegado de Pastoral Juvenil-Vocacional y miembro del Consejo de Consultores; en 1992, consiliario internacional del MIDADEN (Acci\u00f3n Cat\u00f3lica de Ni\u00f1os) en Par\u00eds, cargo que ocup\u00f3 hasta 1995; en 1995, vice-rector y profesor del seminario menor; en 1996, rector del seminario menor y delegado diocesano de Pastoral de Vocaciones; en 1998, rector del seminario mayor, en el que permaneci\u00f3 hasta 2004; en el 2000, profesor extraordinario del Instituto Teol\u00f3gico del seminario mayor de Palencia y miembro del consejo de consultores; en 2001, administrador del seminario mayor y de la casa sacerdotal, y desde 2008 miembro del Colegio de Consultores.<\/p>\n<p style=\"text-align: justify\">Desde el a\u00f1o 2004 es p\u00e1rroco de San L\u00e1zaro de Palencia y desde 2008 el vicario general y moderador de curia. Del 8 de mayo de 2015 hasta el 18 de junio de 2016 fue el administrador diocesano de Palencia.<\/p>\n<p style=\"text-align: justify\"><span style=\"color: #3366ff\"><a style=\"color: #3366ff\" href=\"http:\/\/www.diocesisdeteruel.org\/noticiasmonsantoniocanteriosaludo16.html\">Clicar aqu\u00ed para leer el saludo de Don Antonio G\u00f3mez Cantero a la di\u00f3cesis de Teruel y Albarrac\u00edn<\/a><\/span><\/p>\n<p style=\"text-align: justify\">&nbsp;<\/p>\n<p style=\"text-align: justify\">&nbsp;<\/p>\n<p><span class=\"et_bloom_bottom_trigger\"><\/span><\/p>\n<p><a href=\"https:\/\/es.zenit.org\/\" target=\"_blank\" rel=\"nofollow\">Fuente: es.zenit.org<\/a><\/p>\n","protected":false},"excerpt":{"rendered":"<p>(ZENIT &#8211; Ciudad del Vaticano).- El Papa Francisco ha nombrado al actual vicario de la di\u00f3cesis castellana de Palencia, en Espa\u00f1a, el reverendo Antonio G\u00f3mez Cantero, como obispo de Teruel y Albarrac\u00edn. Lo inform\u00f3 hoy la Oficina de prensa de la Santa Sede precisando que la di\u00f3cesis de Teruel y Albarrac\u00edn cuenta con una superficie &hellip; <a href=\"https:\/\/www.biblia.work\/noticias\/el-vicario-de-palencia-nombrado-obispo-de-teruel-y-albarracin\/\" class=\"more-link\">Continuar leyendo<span class=\"screen-reader-text\"> \u00abEl vicario de Palencia nombrado obispo de Teruel y Albarrac\u00edn\u00bb<\/span><\/a><\/p>\n","protected":false},"author":1,"featured_media":0,"comment_status":"open","ping_status":"closed","sticky":false,"template":"","format":"standard","meta":{"footnotes":""},"categories":[1],"tags":[],"class_list":["post-8985","post","type-post","status-publish","format-standard","hentry","category-general"],"_links":{"self":[{"href":"https:\/\/www.biblia.work\/noticias\/wp-json\/wp\/v2\/posts\/8985","targetHints":{"allow":["GET"]}}],"collection":[{"href":"https:\/\/www.biblia.work\/noticias\/wp-json\/wp\/v2\/posts"}],"about":[{"href":"https:\/\/www.biblia.work\/noticias\/wp-json\/wp\/v2\/types\/post"}],"author":[{"embeddable":true,"href":"https:\/\/www.biblia.work\/noticias\/wp-json\/wp\/v2\/users\/1"}],"replies":[{"embeddable":true,"href":"https:\/\/www.biblia.work\/noticias\/wp-json\/wp\/v2\/comments?post=8985"}],"version-history":[{"count":0,"href":"https:\/\/www.biblia.work\/noticias\/wp-json\/wp\/v2\/posts\/8985\/revisions"}],"wp:attachment":[{"href":"https:\/\/www.biblia.work\/noticias\/wp-json\/wp\/v2\/media?parent=8985"}],"wp:term":[{"taxonomy":"category","embeddable":true,"href":"https:\/\/www.biblia.work\/noticias\/wp-json\/wp\/v2\/categories?post=8985"},{"taxonomy":"post_tag","embeddable":true,"href":"https:\/\/www.biblia.work\/noticias\/wp-json\/wp\/v2\/tags?post=8985"}],"curies":[{"name":"wp","href":"https:\/\/api.w.org\/{rel}","templated":true}]}}