{"id":8992,"date":"2016-11-17T12:15:02","date_gmt":"2016-11-17T17:15:02","guid":{"rendered":"http:\/\/www.biblia.work\/noticias\/colombia-dialogo-entre-el-gobierno-y-el-eln-los-obispos-acompanaran-pero-no-seran-mediadores\/"},"modified":"2016-11-17T12:15:02","modified_gmt":"2016-11-17T17:15:02","slug":"colombia-dialogo-entre-el-gobierno-y-el-eln-los-obispos-acompanaran-pero-no-seran-mediadores","status":"publish","type":"post","link":"https:\/\/www.biblia.work\/noticias\/colombia-dialogo-entre-el-gobierno-y-el-eln-los-obispos-acompanaran-pero-no-seran-mediadores\/","title":{"rendered":"Colombia, di\u00e1logo entre el Gobierno y el ELN: los obispos acompa\u00f1ar\u00e1n pero no ser\u00e1n mediadores"},"content":{"rendered":"<p style=\"text-align: justify\">(ZENIT \u2013 Roma).- El gobierno colombiano, a trav\u00e9s de la la Comisi\u00f3n creada para negociar con el ELN, (Ejercito de Liberaci\u00f3n Nacional), se reuni\u00f3 este mi\u00e9rcoles 16 de noviembre, con los obispos encargados de acompa\u00f1ar el proceso de di\u00e1logo con este grupo guerrillero.<\/p>\n<p style=\"text-align: justify\">Lo inform\u00f3 la agencia Fides precisando que el responsable del grupo de negociaci\u00f3n del gobierno, Juan Camilo Restrepo, ha dado a conocer los resultados de la primera reuni\u00f3n.<\/p>\n<p style=\"text-align: justify\">El primer punto ha sido sobre la elecci\u00f3n de Quito, capital de Ecuador, como sede del di\u00e1logo. El segundo punto ha sido el agradecimiento por parte del gobierno a la Iglesia Cat\u00f3lica por su disposici\u00f3n para la cooperaci\u00f3n.<\/p>\n<p style=\"text-align: justify\">\u201cLa Conferencia Episcopal colombiana design\u00f3 un grupo de obispos, cuyas sedes est\u00e1n en las zonas en donde tiene m\u00e1s presencia el ELN y ellos tienen la misi\u00f3n de ser una especie de acompa\u00f1antes imparciales entre las dos partes que se van a sentar en la mesa de Quito\u201d ha dicho Camilo Restrepo.<\/p>\n<p style=\"text-align: justify\">Por su parte, el presidente de la Conferencia Episcopal Colombiana, Mons. Luis Augusto Castro Quiroga, ha indicado que el papel de la iglesia cat\u00f3lica en las conversaciones con el ELN ser\u00e1 de acompa\u00f1amiento y no de mediaci\u00f3n:<\/p>\n<p style=\"text-align: justify\">Mons. Castro Quiroga tras el encuentro se\u00f1al\u00f3 que se ha estudiado \u201cc\u00f3mo va a ser la presencia de los obispos designados para los di\u00e1logos. Esa presencia fue solicitada por el ELN y con autorizaci\u00f3n del Gobierno\u201d. A\u00f1adi\u00f3 que en la reuni\u00f3n se habl\u00f3 de la ayuda por parte de la Iglesia que no es ni negociadora, ni mediadora, ni facilitadora, sino que tiene una presencia discreta en la mesa de Quito&#8221;<\/p>\n<p style=\"text-align: justify\">A principios de octubre, el l\u00edder principal del ELN hab\u00edan asegurado que el \u00fanico objetivo de este grupo es el de lograr la paz en Colombia, por lo que hab\u00edan establecido una serie de reuniones con el gobierno para decidir \u201cc\u00f3mo\u201d y \u201ccu\u00e1ndo\u201d, con la condici\u00f3n de realizar antes reuniones privadas.<\/p>\n<p style=\"text-align: justify\">Luego, junto con el gobierno de Colombia, inform\u00f3 de la fase de di\u00e1logo p\u00fablico a finales de octubre, con la cooperaci\u00f3n de las instituciones de la vida p\u00fablica y pol\u00edtica de Colombia, incluyendo la Iglesia Cat\u00f3lica, que siempre hab\u00eda declarado su disponibilidad para esta participaci\u00f3n. En los pr\u00f3ximos d\u00edas se har\u00e1 p\u00fablica la agenda de las reuniones p\u00fablicas para abrir la mesa de di\u00e1logo en Quito.<\/p>\n<p><span class=\"et_bloom_bottom_trigger\"><\/span><\/p>\n<p><a href=\"https:\/\/es.zenit.org\/\" target=\"_blank\" rel=\"nofollow\">Fuente: es.zenit.org<\/a><\/p>\n","protected":false},"excerpt":{"rendered":"<p>(ZENIT \u2013 Roma).- El gobierno colombiano, a trav\u00e9s de la la Comisi\u00f3n creada para negociar con el ELN, (Ejercito de Liberaci\u00f3n Nacional), se reuni\u00f3 este mi\u00e9rcoles 16 de noviembre, con los obispos encargados de acompa\u00f1ar el proceso de di\u00e1logo con este grupo guerrillero. Lo inform\u00f3 la agencia Fides precisando que el responsable del grupo de &hellip; <a href=\"https:\/\/www.biblia.work\/noticias\/colombia-dialogo-entre-el-gobierno-y-el-eln-los-obispos-acompanaran-pero-no-seran-mediadores\/\" class=\"more-link\">Continuar leyendo<span class=\"screen-reader-text\"> \u00abColombia, di\u00e1logo entre el Gobierno y el ELN: los obispos acompa\u00f1ar\u00e1n pero no ser\u00e1n mediadores\u00bb<\/span><\/a><\/p>\n","protected":false},"author":1,"featured_media":0,"comment_status":"open","ping_status":"closed","sticky":false,"template":"","format":"standard","meta":{"footnotes":""},"categories":[1],"tags":[],"class_list":["post-8992","post","type-post","status-publish","format-standard","hentry","category-general"],"_links":{"self":[{"href":"https:\/\/www.biblia.work\/noticias\/wp-json\/wp\/v2\/posts\/8992","targetHints":{"allow":["GET"]}}],"collection":[{"href":"https:\/\/www.biblia.work\/noticias\/wp-json\/wp\/v2\/posts"}],"about":[{"href":"https:\/\/www.biblia.work\/noticias\/wp-json\/wp\/v2\/types\/post"}],"author":[{"embeddable":true,"href":"https:\/\/www.biblia.work\/noticias\/wp-json\/wp\/v2\/users\/1"}],"replies":[{"embeddable":true,"href":"https:\/\/www.biblia.work\/noticias\/wp-json\/wp\/v2\/comments?post=8992"}],"version-history":[{"count":0,"href":"https:\/\/www.biblia.work\/noticias\/wp-json\/wp\/v2\/posts\/8992\/revisions"}],"wp:attachment":[{"href":"https:\/\/www.biblia.work\/noticias\/wp-json\/wp\/v2\/media?parent=8992"}],"wp:term":[{"taxonomy":"category","embeddable":true,"href":"https:\/\/www.biblia.work\/noticias\/wp-json\/wp\/v2\/categories?post=8992"},{"taxonomy":"post_tag","embeddable":true,"href":"https:\/\/www.biblia.work\/noticias\/wp-json\/wp\/v2\/tags?post=8992"}],"curies":[{"name":"wp","href":"https:\/\/api.w.org\/{rel}","templated":true}]}}