{"id":8997,"date":"2016-11-17T13:15:03","date_gmt":"2016-11-17T18:15:03","guid":{"rendered":"http:\/\/www.biblia.work\/noticias\/israel-esta-determinado-a-avanzar-en-los-acuerdos-con-la-santa-sede\/"},"modified":"2016-11-17T13:15:03","modified_gmt":"2016-11-17T18:15:03","slug":"israel-esta-determinado-a-avanzar-en-los-acuerdos-con-la-santa-sede","status":"publish","type":"post","link":"https:\/\/www.biblia.work\/noticias\/israel-esta-determinado-a-avanzar-en-los-acuerdos-con-la-santa-sede\/","title":{"rendered":"Israel est\u00e1 determinado a avanzar en los acuerdos con la Santa Sede"},"content":{"rendered":"<p style=\"text-align: justify\">(ZENIT \u2013 Ciudad del Vaticano).- El embajador del Estado de Israel ante la Santa Sede, Oren David, en un desayuno de trabajo realizado este mi\u00e9rcoles en Roma, ha indicado que el acuerdo diplom\u00e1tico en curso entre el Estado de Israel y la Santa Sede \u201cno ser\u00e1 quiz\u00e1s aprobado en este mes, pero en breve\u201d porque \u201cestamos determinados a ir adelante\u201d.<\/p>\n<p style=\"text-align: justify\">En el evento\u00a0promovido por el Centro de Estudios sobre Medio Oriente (CEMO)\u00a0de la espa\u00f1ola <a target=\"_blank\" rel=\"nofollow\" href=\"http:\/\/www.fundacionfpsc.org\">Fundaci\u00f3n Promoci\u00f3n Social de la Cultura<\/a>, el embajador a\u00f1adi\u00f3 que el segundo encuentro para negociar ser\u00e1 en Roma, que las principales cuestiones fueron ya concluidas y que los problemas que quedan son m\u00e1s bien de orden burocr\u00e1tico y t\u00e9cnicos.<\/p>\n<p style=\"text-align: justify\">Sobre el presidente electo Donald Trump y las relaciones con Israel, el embajador record\u00f3 que a trav\u00e9s de los a\u00f1os las relaciones han sido siempre muy buenas con todos los partidos o presidentes.<\/p>\n<div id=\"attachment_78865\" style=\"width: 499px\" class=\"wp-caption alignleft\"><img loading=\"lazy\" decoding=\"async\" class=\"size-medium wp-image-78865\" src=\"https:\/\/es.zenit.org\/wp-content\/uploads\/2016\/11\/NH-ambasciatore-Israele-presso-la-S.Sede-Oren-David-489x275.jpg\" alt=\"En la reuni\u00f3n con el embajador David Oren (Foto ZENIT cc)\" width=\"489\" height=\"275\" \/><\/p>\n<p class=\"wp-caption-text\">En la reuni\u00f3n con el embajador David Oren (Foto ZENIT cc)<\/p>\n<\/div>\n<p style=\"text-align: justify\">Respondiendo sobre la posibilidad de que Jerusal\u00e9n tenga un estatus internacional, como lo tiene la Ciudad de Vaticano, el embajador indic\u00f3 que la suya es\u00a0de una de las capitales m\u00e1s antiguas del mundo, existente mil a\u00f1os antes de Cristo, desde los tiempos del Rey David. Por lo tanto es ya una capital para todos los pa\u00edses si bien \u201ces ser\u00e1 siempre nuestra capital\u201d, particularmente hermosa \u201cporque hemos estado siempre abiertos para recibir a todos\u201d. Precis\u00f3 adem\u00e1s que Jerusal\u00e9n es la primera ciudad santa de los jud\u00edos y la tercera para los musulmanes, despu\u00e9s de La Meca y Medina.<\/p>\n<p style=\"text-align: justify\">Sobre la propuesta &#8216;dos pueblos en dos Estados&#8217;, el diplom\u00e1tico ha indicado que est\u00e1 plenamente de acuerdo con este objetivo, pero el problema reside en que los palestinos no quieren reconoce la legitimidad del Estado de Israel como un estado jud\u00edo.<\/p>\n<p style=\"text-align: justify\">En tema de Medio Oriente y los conflictos de Siria, Libano, Irak y otros, el diplom\u00e1tico se\u00f1al\u00f3 que su pa\u00eds no est\u00e1 involucrado para nada con esos conflictos\u00a0y\u00a0que hoy existe un cambio de percepci\u00f3n sobre Israel. Al punto que once pa\u00edses del mundo \u00e1rabe consideraron que Israel es un socio positivo para contrarrestar el terrorismo.<\/p>\n<p style=\"text-align: justify\">El embajador Oren habl\u00f3 tambi\u00e9n sobre la resoluci\u00f3n de la UNESCO que neg\u00f3 los v\u00ednculos entre Israel y el Monte del Templo y consider\u00f3 que es una afrenta al juda\u00edsmo pero tambi\u00e9n al cristianismo.<\/p>\n<p style=\"text-align: justify\">Antes de las preguntas de los periodistas y personas presentes, el diplom\u00e1tico ha recordado los or\u00edgenes del Estado de Israel, que\u00a0despu\u00e9s de la II Guerra contaba con unos 720 mil habitantes y que hoy tiene m\u00e1s de ocho millones demostrando una muy buena integraci\u00f3n.<\/p>\n<p style=\"text-align: justify\">Se\u00f1al\u00f3 adem\u00e1s diversos factores positivos del Pa\u00eds, como su potencia econ\u00f3mica a pesar de no tener recursos naturales, el crecimiento cultural que hoy permite que el idioma hebreo sea una lengua viva, siendo que pr\u00e1cticamente se hab\u00eda perdido. Tambi\u00e9n subray\u00f3 los logros en el sector cient\u00edfico y acad\u00e9mico, con muchos inventos que fueron compartidos con el mundo; entre ellos los sms, la irrigaci\u00f3n por goteo, la desalinizaci\u00f3n del agua, sistema de energ\u00eda solar y en la rob\u00f3tica.<\/p>\n<p><span class=\"et_bloom_bottom_trigger\"><\/span><\/p>\n<p><a href=\"https:\/\/es.zenit.org\/\" target=\"_blank\" rel=\"nofollow\">Fuente: es.zenit.org<\/a><\/p>\n","protected":false},"excerpt":{"rendered":"<p>(ZENIT \u2013 Ciudad del Vaticano).- El embajador del Estado de Israel ante la Santa Sede, Oren David, en un desayuno de trabajo realizado este mi\u00e9rcoles en Roma, ha indicado que el acuerdo diplom\u00e1tico en curso entre el Estado de Israel y la Santa Sede \u201cno ser\u00e1 quiz\u00e1s aprobado en este mes, pero en breve\u201d porque &hellip; <a href=\"https:\/\/www.biblia.work\/noticias\/israel-esta-determinado-a-avanzar-en-los-acuerdos-con-la-santa-sede\/\" class=\"more-link\">Continuar leyendo<span class=\"screen-reader-text\"> \u00abIsrael est\u00e1 determinado a avanzar en los acuerdos con la Santa Sede\u00bb<\/span><\/a><\/p>\n","protected":false},"author":1,"featured_media":0,"comment_status":"open","ping_status":"closed","sticky":false,"template":"","format":"standard","meta":{"footnotes":""},"categories":[1],"tags":[],"class_list":["post-8997","post","type-post","status-publish","format-standard","hentry","category-general"],"_links":{"self":[{"href":"https:\/\/www.biblia.work\/noticias\/wp-json\/wp\/v2\/posts\/8997","targetHints":{"allow":["GET"]}}],"collection":[{"href":"https:\/\/www.biblia.work\/noticias\/wp-json\/wp\/v2\/posts"}],"about":[{"href":"https:\/\/www.biblia.work\/noticias\/wp-json\/wp\/v2\/types\/post"}],"author":[{"embeddable":true,"href":"https:\/\/www.biblia.work\/noticias\/wp-json\/wp\/v2\/users\/1"}],"replies":[{"embeddable":true,"href":"https:\/\/www.biblia.work\/noticias\/wp-json\/wp\/v2\/comments?post=8997"}],"version-history":[{"count":0,"href":"https:\/\/www.biblia.work\/noticias\/wp-json\/wp\/v2\/posts\/8997\/revisions"}],"wp:attachment":[{"href":"https:\/\/www.biblia.work\/noticias\/wp-json\/wp\/v2\/media?parent=8997"}],"wp:term":[{"taxonomy":"category","embeddable":true,"href":"https:\/\/www.biblia.work\/noticias\/wp-json\/wp\/v2\/categories?post=8997"},{"taxonomy":"post_tag","embeddable":true,"href":"https:\/\/www.biblia.work\/noticias\/wp-json\/wp\/v2\/tags?post=8997"}],"curies":[{"name":"wp","href":"https:\/\/api.w.org\/{rel}","templated":true}]}}