{"id":8999,"date":"2016-11-17T14:10:02","date_gmt":"2016-11-17T19:10:02","guid":{"rendered":"http:\/\/www.biblia.work\/noticias\/argentina-debate-con-especialistas-y-diputados-aborto-legal\/"},"modified":"2016-11-17T14:10:02","modified_gmt":"2016-11-17T19:10:02","slug":"argentina-debate-con-especialistas-y-diputados-aborto-legal","status":"publish","type":"post","link":"https:\/\/www.biblia.work\/noticias\/argentina-debate-con-especialistas-y-diputados-aborto-legal\/","title":{"rendered":"Argentina debate con especialistas y diputados aborto legal"},"content":{"rendered":"<p style=\"text-align: justify\">ARGENTINA.- A instancias de la Campa\u00f1a Nacional por el Derecho al Aborto, que convoc\u00f3 la semana pasada a una reuni\u00f3n de asesoras y diputadas firmantes de su proyecto de Interrupci\u00f3n Voluntaria del Embarazo (IVE), este jueves la Comisi\u00f3n de Acci\u00f3n Social y Salud P\u00fablica de la C\u00e1mara de Diputados, que preside Carolina Gaillard, realizar\u00e1 una \u201creuni\u00f3n informativa\u201d sobre la despenalizaci\u00f3n y legalizaci\u00f3n de esta pr\u00e1ctica.<\/p>\n<p style=\"text-align: justify\">Aunque la Comisi\u00f3n no se expedir\u00e1 con un dictamen sobre el proyecto en cuesti\u00f3n, desde la Campa\u00f1a Nacional por el Derecho al Aborto saludaron la convocatoria: \u201cesperamos que sea el inicio del debate que nos permita avanzar en la concreci\u00f3n del derecho a decidir para todas las argentinas\u201d, sostuvieron en un comunicado de prensa difundido el pasado martes.<\/p>\n<p style=\"text-align: justify\">Las integrantes de la Campa\u00f1a tambi\u00e9n afirmaron que en Argentina, hace m\u00e1s de 20 a\u00f1os que el \u00edndice de mortalidad de las mujeres gestantes \u201cse mantiene estable en cuatro cada 10 mil nacidos vivos\u201d, hecho que muestra \u201cla falta de compromiso pol\u00edtico con la salud de las mujeres\u201d. \u201cSon alrededor de 300 muertes por a\u00f1o, por causas 80% evitables, lo que constituye una violaci\u00f3n a los derechos humanos\u201d, dijeron.<\/p>\n<p style=\"text-align: justify\">Seg\u00fan informaron desde la Comisi\u00f3n convocante, la reuni\u00f3n tendr\u00e1 lugar a las 11 horas en la sala 5 del edificio Anexo \u201cA\u201d de esa C\u00e1mara de Diputados. Se espera que adem\u00e1s de los integrantes de esta Comisi\u00f3n, tambi\u00e9n est\u00e9n presentes los cuarenta legisladores y legisladoras que son firmantes del proyecto impulsado por la Campa\u00f1a Nacional.<\/p>\n<p style=\"text-align: justify\">Entre ellos, ya confirmaron su presencia las tres primeras firmantes de esta iniciativa, Victoria Donda (Libres del Sur), Carolina Gaillard (FpV) y Myriam Bregman (PTS-Frente de Izquierda). Adem\u00e1s, la reuni\u00f3n contar\u00e1 con la exposici\u00f3n de \u201cespecialistas en la materia\u201d. Desde la Comisi\u00f3n de Salud informaron que, entre otras, estar\u00e1n presentes la Directora Ejecutiva de Amnist\u00eda Internacional Argentina Mariela Belski; la representante de Cat\u00f3licas por el Derecho a Decidir Ver\u00f3nica Tesoriero y otras integrantes de la Campa\u00f1a Nacional por el Derecho al Aborto, miembros del colectivo Ni Una Menos; docentes de la Universidad de Buenos Aires (UBA) e investigadoras del CONICET; la especialista en estudios de g\u00e9nero y fundadora de la agrupaci\u00f3n de mujeres Pan y Rosas Andrea D\u2019Atri; el Dr. Daniel Goll\u00e1n; las periodistas Marta Dillon y Mariana Carbajal; y el abogado constitucionalista Andr\u00e9s Gil Dom\u00ednguez. Tambi\u00e9n informaron que, a instancia de diputados integrantes de esta Comisi\u00f3n, hablar\u00edan tambi\u00e9n abogados y m\u00e9dicos vinculados a las llamadas organizaciones &#8220;pro-vida&#8221;, contrarias al derecho que reclaman las mujeres y vinculadas con la jerarqu\u00eda de la Iglesia.<\/p>\n<p style=\"text-align: justify\">\u201cNuestra sociedad hace varios a\u00f1os viene debatiendo intensamente la problem\u00e1tica del aborto y los efectos negativos que su actual estatus legal tiene para la vida, la salud y los derechos de las mujeres\u201d, sostuvieron desde la Campa\u00f1a.<\/p>\n<p style=\"text-align: justify\">Muestra de ello, afirmaron, son \u201clas amplias movilizaciones sociales en los Encuentros Nacionales de Mujeres, y tambi\u00e9n la incorporaci\u00f3n del aborto legal en la agenda de #NiUnaMenos\u201d.<\/p>\n<p style=\"text-align: justify\">Las integrantes de la Campa\u00f1a tambi\u00e9n denunciaron que los abortos inseguros son responsables de las 60 mil internaciones que se estima que se producen cada a\u00f1o en los hospitales p\u00fablicos del pa\u00eds. \u201cLas mujeres que mueren son en su mayor\u00eda j\u00f3venes y pobres\u201d, afirmaron, y destacaron que \u00e9ste \u201cno s\u00f3lo es un tema de salud p\u00fablica sino tambi\u00e9n de justicia social y de igualdad\u201d. Adem\u00e1s, alertaron sobre la \u201ccreciente criminalizaci\u00f3n\u201d de la que son v\u00edctimas cientos de mujeres en el pa\u00eds, que ven negado incluso su derecho a acceder al aborto no punible.<\/p>\n<p style=\"text-align: justify\">La \u00a0Iglesia Cat\u00f3lica ha sido un factor determinante para que en todos estos a\u00f1os el parlamento se niegue a debatir, despenalizar y legalizar el derecho al aborto. Como se\u00f1al\u00f3 en su Enc\u00edclica \u201cLaudato si\u201d quien hoy es el m\u00e1ximo referente del Vaticano, Bergoglio, para esta instituci\u00f3n no \u201ces compatible la defensa de la naturaleza con la justificaci\u00f3n del aborto\u201d. Es por ello que en Argentina y en todo el planeta, el Papa Bergoglio se ha opuesto fervientemente al \u201cpecado\u201d del aborto, como tambi\u00e9n lo hizo con el derecho al matrimonio igualitario y a la educaci\u00f3n sexual integral y laica.<\/p>\n<p style=\"text-align: justify\">Fuente: La Izquierda Diario<\/p>\n<p style=\"text-align: justify\">La entrada <a rel=\"nofollow\" href=\"http:\/\/www.noticiacristiana.com\/sociedad\/2016\/11\/argentina-debate-aborto-legal.html\">Argentina debate con especialistas y diputados aborto legal<\/a> aparece primero en <a rel=\"nofollow\" href=\"http:\/\/www.noticiacristiana.com\">NoticiaCristiana.com<\/a>.<\/p>\n","protected":false},"excerpt":{"rendered":"<p>ARGENTINA.- A instancias de la Campa\u00f1a Nacional por el Derecho al Aborto, que convoc\u00f3 la semana pasada a una reuni\u00f3n de asesoras y diputadas firmantes de su proyecto de Interrupci\u00f3n Voluntaria del Embarazo (IVE), este jueves la Comisi\u00f3n de Acci\u00f3n Social y Salud P\u00fablica de la C\u00e1mara de Diputados, que preside Carolina Gaillard, realizar\u00e1 una &hellip; <a href=\"https:\/\/www.biblia.work\/noticias\/argentina-debate-con-especialistas-y-diputados-aborto-legal\/\" class=\"more-link\">Continuar leyendo<span class=\"screen-reader-text\"> \u00abArgentina debate con especialistas y diputados aborto legal\u00bb<\/span><\/a><\/p>\n","protected":false},"author":1,"featured_media":0,"comment_status":"open","ping_status":"closed","sticky":false,"template":"","format":"standard","meta":{"footnotes":""},"categories":[1],"tags":[],"class_list":["post-8999","post","type-post","status-publish","format-standard","hentry","category-general"],"_links":{"self":[{"href":"https:\/\/www.biblia.work\/noticias\/wp-json\/wp\/v2\/posts\/8999","targetHints":{"allow":["GET"]}}],"collection":[{"href":"https:\/\/www.biblia.work\/noticias\/wp-json\/wp\/v2\/posts"}],"about":[{"href":"https:\/\/www.biblia.work\/noticias\/wp-json\/wp\/v2\/types\/post"}],"author":[{"embeddable":true,"href":"https:\/\/www.biblia.work\/noticias\/wp-json\/wp\/v2\/users\/1"}],"replies":[{"embeddable":true,"href":"https:\/\/www.biblia.work\/noticias\/wp-json\/wp\/v2\/comments?post=8999"}],"version-history":[{"count":0,"href":"https:\/\/www.biblia.work\/noticias\/wp-json\/wp\/v2\/posts\/8999\/revisions"}],"wp:attachment":[{"href":"https:\/\/www.biblia.work\/noticias\/wp-json\/wp\/v2\/media?parent=8999"}],"wp:term":[{"taxonomy":"category","embeddable":true,"href":"https:\/\/www.biblia.work\/noticias\/wp-json\/wp\/v2\/categories?post=8999"},{"taxonomy":"post_tag","embeddable":true,"href":"https:\/\/www.biblia.work\/noticias\/wp-json\/wp\/v2\/tags?post=8999"}],"curies":[{"name":"wp","href":"https:\/\/api.w.org\/{rel}","templated":true}]}}