{"id":9003,"date":"2016-11-17T16:05:02","date_gmt":"2016-11-17T21:05:02","guid":{"rendered":"http:\/\/www.biblia.work\/noticias\/vaticano-devuelve-titulos-de-pontificia-y-catolica-a-la-pucp-en-peru\/"},"modified":"2016-11-17T16:05:02","modified_gmt":"2016-11-17T21:05:02","slug":"vaticano-devuelve-titulos-de-pontificia-y-catolica-a-la-pucp-en-peru","status":"publish","type":"post","link":"https:\/\/www.biblia.work\/noticias\/vaticano-devuelve-titulos-de-pontificia-y-catolica-a-la-pucp-en-peru\/","title":{"rendered":"Vaticano devuelve t\u00edtulos de Pontificia y Cat\u00f3lica a la PUCP en Per\u00fa"},"content":{"rendered":"<p> LIMA, 17 Nov. 16 (ACI).-<br \/>\n\tLa Secretar&iacute;a de Estado del Vaticano emiti&oacute; un decreto&nbsp;a trav&eacute;s del cual se devuelve los t&iacute;tulos de &ldquo;Pontificia&rdquo; y &ldquo;Cat&oacute;lica&rdquo; a la Pontificia Universidad Cat&oacute;lica del Per&uacute; (PUCP).<\/p>\n<p style=\"text-align: justify\">\n\tEl decreto, firmado por el Secretario de Estado del Vaticano, Cardenal Pietro Parolin, recuerda que la constituci&oacute;n apost&oacute;lica Ex Corde Ecclesiae rige a las universidades cat&oacute;licas del mundo y que la no adecuaci&oacute;n de los estatutos de la PUCP al documento hizo que el 11 de julio de 2012 se le retirara a la universidad los t&iacute;tulos de &ldquo;Pontificia&rdquo; y &ldquo;Cat&oacute;lica&rdquo;.<\/p>\n<p style=\"text-align: justify\">\n\tEl texto del Vaticano recuerda que el 14 de octubre de 2016, la asamblea universitaria de la PUCP &ldquo;adopt&oacute; una serie de enmiendas al estatuto&rdquo; de conformidad a la citada constituci&oacute;n apost&oacute;lica y por ello la Congregaci&oacute;n para la Educaci&oacute;n Cat&oacute;lica aprob&oacute; &ldquo;ad experimentum por cinco a&ntilde;os el estatuto de la universidad&rdquo;.<\/p>\n<p style=\"text-align: justify\">\n\tAsimismo, el decreto informa que se ha nombrado como nuevo Gran Canciller de la casa de estudios al Cardenal italiano Giuseppe Versaldi, actual Prefecto de la Congregaci&oacute;n para la Educaci&oacute;n Cat&oacute;lica.<\/p>\n<p style=\"text-align: justify\">\n\tEl Cardenal Versaldi ser&aacute; el Gran Canciller de la universidad por un periodo de cinco a&ntilde;os.<\/p>\n","protected":false},"excerpt":{"rendered":"<p>LIMA, 17 Nov. 16 (ACI).- La Secretar&iacute;a de Estado del Vaticano emiti&oacute; un decreto&nbsp;a trav&eacute;s del cual se devuelve los t&iacute;tulos de &ldquo;Pontificia&rdquo; y &ldquo;Cat&oacute;lica&rdquo; a la Pontificia Universidad Cat&oacute;lica del Per&uacute; (PUCP). El decreto, firmado por el Secretario de Estado del Vaticano, Cardenal Pietro Parolin, recuerda que la constituci&oacute;n apost&oacute;lica Ex Corde Ecclesiae rige &hellip; <a href=\"https:\/\/www.biblia.work\/noticias\/vaticano-devuelve-titulos-de-pontificia-y-catolica-a-la-pucp-en-peru\/\" class=\"more-link\">Continuar leyendo<span class=\"screen-reader-text\"> \u00abVaticano devuelve t\u00edtulos de Pontificia y Cat\u00f3lica a la PUCP en Per\u00fa\u00bb<\/span><\/a><\/p>\n","protected":false},"author":1,"featured_media":0,"comment_status":"open","ping_status":"closed","sticky":false,"template":"","format":"standard","meta":{"footnotes":""},"categories":[1],"tags":[],"class_list":["post-9003","post","type-post","status-publish","format-standard","hentry","category-general"],"_links":{"self":[{"href":"https:\/\/www.biblia.work\/noticias\/wp-json\/wp\/v2\/posts\/9003","targetHints":{"allow":["GET"]}}],"collection":[{"href":"https:\/\/www.biblia.work\/noticias\/wp-json\/wp\/v2\/posts"}],"about":[{"href":"https:\/\/www.biblia.work\/noticias\/wp-json\/wp\/v2\/types\/post"}],"author":[{"embeddable":true,"href":"https:\/\/www.biblia.work\/noticias\/wp-json\/wp\/v2\/users\/1"}],"replies":[{"embeddable":true,"href":"https:\/\/www.biblia.work\/noticias\/wp-json\/wp\/v2\/comments?post=9003"}],"version-history":[{"count":0,"href":"https:\/\/www.biblia.work\/noticias\/wp-json\/wp\/v2\/posts\/9003\/revisions"}],"wp:attachment":[{"href":"https:\/\/www.biblia.work\/noticias\/wp-json\/wp\/v2\/media?parent=9003"}],"wp:term":[{"taxonomy":"category","embeddable":true,"href":"https:\/\/www.biblia.work\/noticias\/wp-json\/wp\/v2\/categories?post=9003"},{"taxonomy":"post_tag","embeddable":true,"href":"https:\/\/www.biblia.work\/noticias\/wp-json\/wp\/v2\/tags?post=9003"}],"curies":[{"name":"wp","href":"https:\/\/api.w.org\/{rel}","templated":true}]}}