{"id":9010,"date":"2016-11-18T01:05:02","date_gmt":"2016-11-18T06:05:02","guid":{"rendered":"http:\/\/www.biblia.work\/noticias\/hoy-se-celebra-la-dedicacion-de-las-basilicas-de-san-pedro-y-san-pablo\/"},"modified":"2016-11-18T01:05:02","modified_gmt":"2016-11-18T06:05:02","slug":"hoy-se-celebra-la-dedicacion-de-las-basilicas-de-san-pedro-y-san-pablo","status":"publish","type":"post","link":"https:\/\/www.biblia.work\/noticias\/hoy-se-celebra-la-dedicacion-de-las-basilicas-de-san-pedro-y-san-pablo\/","title":{"rendered":"Hoy se celebra la dedicaci\u00f3n de las Bas\u00edlicas de San Pedro y San Pablo"},"content":{"rendered":"<p> REDACCI\u00d3N CENTRAL, 18 Nov. 16 (ACI).-<br \/>\n\tCada 18 de noviembre la Iglesia celebra la dedicaci&oacute;n de las Bas&iacute;licas de los Ap&oacute;stoles San Pedro y San Pablo, templos en Roma que contienen los restos de estos dos grandes del cristianismo y s&iacute;mbolos de la fraternidad y la unidad de la Iglesia.<\/p>\n<p style=\"text-align: justify\">\n\tLa Bas&iacute;lica de San Pedro en el Vaticano fue construida sobre la tumba del Ap&oacute;stol, que muri&oacute; crucificado de cabeza. En el a&ntilde;o 323 el emperador Constantino mand&oacute; a construir ah&iacute; la Bas&iacute;lica dedicada al que fue el primer Papa de la Iglesia.<\/p>\n<p style=\"text-align: justify\">\n\tLa actual Bas&iacute;lica de San Pedro demor&oacute; 170 a&ntilde;os en ser edificada. Se empez&oacute; con el Papa Nicol&aacute;s V en el 1454 y fue terminada por el Papa Urbano VIII, quien la consagr&oacute; un 18 de noviembre de 1626. Fecha que coincide con la consagraci&oacute;n de la antigua Bas&iacute;lica.<\/p>\n<p style=\"text-align: justify\">\n\tBramante, Rafael, Miguel &Aacute;ngel y Bernini, famosos artistas de la historia, trabajaron en ella plasmando lo mejor de su arte.<\/p>\n<p style=\"text-align: justify\">\n\tLa Bas&iacute;lica de San Pedro mide 212 metros de largo, 140 de ancho y 133 metros de altura en su c&uacute;pula. No hay templo en el mundo que le iguale en extensi&oacute;n.<\/p>\n<p style=\"text-align: justify\">\n\tLa Bas&iacute;lica de San Pablo Extramuros es, despu&eacute;s de San Pedro, el templo m&aacute;s grande de Roma. Surgi&oacute; tambi&eacute;n por voluntad de Constantino. En 1823 fue destruida, casi en su totalidad, por un terrible incendio. Le&oacute;n XIII inici&oacute; su reconstrucci&oacute;n y fue consagrada el 10 de diciembre de 1854 por el Papa P&iacute;o IX.<\/p>\n<p style=\"text-align: justify\">\n\tUn dato interesante es que bajo las ventanas de la nave central y en las naves laterales, en mosaico, se encuentran los retratos de todos los Papas desde San Pedro hasta el actual, el Papa Francisco.<\/p>\n<p style=\"text-align: justify\">\n\tEn el 2009, con motivo de esta celebraci&oacute;n, el Papa Benedicto XVI dijo que &ldquo;esta fiesta nos brinda la ocasi&oacute;n de poner de relieve el significado y el valor de la Iglesia. Queridos j&oacute;venes, amad a la Iglesia y cooperad con entusiasmo en su edificaci&oacute;n&rdquo;.<\/p>\n<p style=\"text-align: justify\">\n\tM&aacute;s informaci&oacute;n: https:\/\/www.aciprensa.com\/santos\/santo.php?id=346<\/p>\n","protected":false},"excerpt":{"rendered":"<p>REDACCI\u00d3N CENTRAL, 18 Nov. 16 (ACI).- Cada 18 de noviembre la Iglesia celebra la dedicaci&oacute;n de las Bas&iacute;licas de los Ap&oacute;stoles San Pedro y San Pablo, templos en Roma que contienen los restos de estos dos grandes del cristianismo y s&iacute;mbolos de la fraternidad y la unidad de la Iglesia. La Bas&iacute;lica de San Pedro &hellip; <a href=\"https:\/\/www.biblia.work\/noticias\/hoy-se-celebra-la-dedicacion-de-las-basilicas-de-san-pedro-y-san-pablo\/\" class=\"more-link\">Continuar leyendo<span class=\"screen-reader-text\"> \u00abHoy se celebra la dedicaci\u00f3n de las Bas\u00edlicas de San Pedro y San Pablo\u00bb<\/span><\/a><\/p>\n","protected":false},"author":1,"featured_media":0,"comment_status":"open","ping_status":"closed","sticky":false,"template":"","format":"standard","meta":{"footnotes":""},"categories":[1],"tags":[],"class_list":["post-9010","post","type-post","status-publish","format-standard","hentry","category-general"],"_links":{"self":[{"href":"https:\/\/www.biblia.work\/noticias\/wp-json\/wp\/v2\/posts\/9010","targetHints":{"allow":["GET"]}}],"collection":[{"href":"https:\/\/www.biblia.work\/noticias\/wp-json\/wp\/v2\/posts"}],"about":[{"href":"https:\/\/www.biblia.work\/noticias\/wp-json\/wp\/v2\/types\/post"}],"author":[{"embeddable":true,"href":"https:\/\/www.biblia.work\/noticias\/wp-json\/wp\/v2\/users\/1"}],"replies":[{"embeddable":true,"href":"https:\/\/www.biblia.work\/noticias\/wp-json\/wp\/v2\/comments?post=9010"}],"version-history":[{"count":0,"href":"https:\/\/www.biblia.work\/noticias\/wp-json\/wp\/v2\/posts\/9010\/revisions"}],"wp:attachment":[{"href":"https:\/\/www.biblia.work\/noticias\/wp-json\/wp\/v2\/media?parent=9010"}],"wp:term":[{"taxonomy":"category","embeddable":true,"href":"https:\/\/www.biblia.work\/noticias\/wp-json\/wp\/v2\/categories?post=9010"},{"taxonomy":"post_tag","embeddable":true,"href":"https:\/\/www.biblia.work\/noticias\/wp-json\/wp\/v2\/tags?post=9010"}],"curies":[{"name":"wp","href":"https:\/\/api.w.org\/{rel}","templated":true}]}}