{"id":9011,"date":"2016-11-18T02:15:03","date_gmt":"2016-11-18T07:15:03","guid":{"rendered":"http:\/\/www.biblia.work\/noticias\/libertad-religiosa-en-chiapas\/"},"modified":"2016-11-18T02:15:03","modified_gmt":"2016-11-18T07:15:03","slug":"libertad-religiosa-en-chiapas","status":"publish","type":"post","link":"https:\/\/www.biblia.work\/noticias\/libertad-religiosa-en-chiapas\/","title":{"rendered":"Libertad religiosa en Chiapas"},"content":{"rendered":"<p style=\"text-align: justify\">&nbsp;<\/p>\n<p style=\"text-align: justify\">VER<\/p>\n<p style=\"text-align: justify\">El Consejo Interreligioso de Chiapas, en que participamos desde 1992 los obispos y los l\u00edderes de presbiterianos, bautistas, adventistas, mormones, nazarenos, asambleas de Dios, Buen Pastor y otros, junto con la Sociedad Reuben Clark, la Fundaci\u00f3n \u201cConciencia Nacional\u201d y la Subsecretar\u00eda de Asuntos Religiosos del Gobierno estatal, organizamos un Foro sobre Libertad Religiosa, con ocasi\u00f3n del D\u00eda internacional de la Tolerancia. Comparto algo de lo que expuse.<\/p>\n<p style=\"text-align: justify\">Algunos medios informativos siguen calificando a Chiapas como el Estado donde perduran los conflictos religiosos, particularmente porque en algunas comunidades ind\u00edgenas los cat\u00f3licos ponen trabas a los evang\u00e9licos para que practiquen su fe y se les impide hacer propaganda religiosa; incluso les han expulsado y les han da\u00f1ado en sus propiedades. Tambi\u00e9n los cat\u00f3licos sufrimos ofensas y descalificaciones por hermanos de otras confesiones, sobre todo en emisoras radiof\u00f3nicas y en algunas campa\u00f1as evangel\u00edsticas.<\/p>\n<p style=\"text-align: justify\">Hemos declarado varias veces que esa intolerancia es una grave injusticia. Hemos insistido en el derecho que todos tienen de practicar la religi\u00f3n de su preferencia, pero quienes toman esas decisiones no nos hacen caso. Son decisiones que no pasan por las di\u00f3cesis y las parroquias cat\u00f3licas, sino que dependen de las asambleas ejidales, que ven la divergencia religiosa como un atropello a su hist\u00f3rica y tradicional unidad cultural y social, que es esencial en la cultura ind\u00edgena.<\/p>\n<p style=\"text-align: justify\">Por otra parte, cuando alguna autoridad civil da testimonio p\u00fablico de su fe y participa en una celebraci\u00f3n religiosa, varias voces se lo recriminan, pues dicen que se viola el Estado laico y la separaci\u00f3n con las iglesias. Sostienen que las autoridades civiles pueden tener la religi\u00f3n que prefieran, pero s\u00f3lo en su vida privada.<\/p>\n<p style=\"text-align: justify\">Algunos reducen la libertad religiosa a la libertad de culto y de creencia, que ya est\u00e1 reconocida en la Constituci\u00f3n, sin advertir que tiene muchas otras implicaciones, como tener televisi\u00f3n y emisoras de radio, la objeci\u00f3n de conciencia, la libertad para expresar nuestra opini\u00f3n sobre las leyes civiles, en aquello que contradicen nuestra fe.<\/p>\n<p style=\"text-align: justify\">PENSAR<\/p>\n<p style=\"text-align: justify\">\u00bfQu\u00e9 entendemos por libertad religiosa? Dice el Papa Benedicto XVI: \u201cLa libertad religiosa es la cima de todas las libertades. Es un derecho sagrado e inalienable. Abarca tanto la libertad individual y colectiva de seguir la propia conciencia en materia religiosa como la libertad de culto. Incluye la libertad de elegir la religi\u00f3n que se estima verdadera y de manifestar p\u00fablicamente la propia creencia. Ha de ser posible profesar y manifestar libremente la propia religi\u00f3n y sus s\u00edmbolos, sin poner en peligro la vida y la libertad personal. Es preciso pasar de la tolerancia a la libertad religiosa\u201d (Ecclesia in Medio Oriente, 26-27).<\/p>\n<p style=\"text-align: justify\">\u201cEl derecho a la libertad religiosa debe considerarse como inherente a la dignidad fundamental de toda persona humana, en sinton\u00eda con la innata apertura del coraz\u00f3n humano a Dios\u201d. Llama a los Estados \u201cpara que reconozcan el derecho humano fundamental a la libertad religiosa\u201d, y los insta a \u201crespetar, y si fuera necesario, proteger a las minor\u00edas religiosas que, aunque vinculadas a una religi\u00f3n diferente de la de las mayor\u00edas que las rodea, aspiran a vivir con sus conciudadanos de modo pac\u00edfico y a participar plenamente en la vida civil y pol\u00edtica de la naci\u00f3n, en beneficio de todos\u201d (29-IV-2011).<\/p>\n<p style=\"text-align: justify\">ACTUAR<\/p>\n<p style=\"text-align: justify\">Quienes nos declaramos seguidores de Jes\u00fas no podemos aprobar, mucho menos incentivar, las discriminaciones religiosas que a\u00fan suceden en algunas partes. Si grupos cat\u00f3licos no permiten que minor\u00edas protestantes vivan conforme a su fe, cometen un abuso, que nuestras di\u00f3cesis no promueven ni solapan. Esperamos que, donde predomina una confesi\u00f3n no cat\u00f3lica, se evite tambi\u00e9n la intolerancia contra los cat\u00f3licos. Que tampoco haya intolerancia entre los mismos grupos evang\u00e9licos.<\/p>\n<p style=\"text-align: justify\">Debemos inculcar un gran respeto a la diversidad religiosa y proteger el derecho a ser diferentes, siempre y cuando no se lesione el bien com\u00fan. Se pueden, por ejemplo, hacer campa\u00f1as evangelizadoras, procurando que los contenidos no sean ofensivos para otras confesiones, y los aparatos de sonido no excedan el volumen que cause molestias y trastornos a los vecinos, o interferencias con otros actos de culto.<\/p>\n<p style=\"text-align: justify\">Sig\u00e1monos educando para respetarnos unos a otros. Aprendamos a convivir como hermanos, en paz y armon\u00eda, siendo de religiones distintas.<\/p>\n<p><span class=\"et_bloom_bottom_trigger\"><\/span><\/p>\n<p><a href=\"https:\/\/es.zenit.org\/\" target=\"_blank\" rel=\"nofollow\">Fuente: es.zenit.org<\/a><\/p>\n","protected":false},"excerpt":{"rendered":"<p>&nbsp; VER El Consejo Interreligioso de Chiapas, en que participamos desde 1992 los obispos y los l\u00edderes de presbiterianos, bautistas, adventistas, mormones, nazarenos, asambleas de Dios, Buen Pastor y otros, junto con la Sociedad Reuben Clark, la Fundaci\u00f3n \u201cConciencia Nacional\u201d y la Subsecretar\u00eda de Asuntos Religiosos del Gobierno estatal, organizamos un Foro sobre Libertad Religiosa, &hellip; <a href=\"https:\/\/www.biblia.work\/noticias\/libertad-religiosa-en-chiapas\/\" class=\"more-link\">Continuar leyendo<span class=\"screen-reader-text\"> \u00abLibertad religiosa en Chiapas\u00bb<\/span><\/a><\/p>\n","protected":false},"author":1,"featured_media":0,"comment_status":"open","ping_status":"closed","sticky":false,"template":"","format":"standard","meta":{"footnotes":""},"categories":[1],"tags":[],"class_list":["post-9011","post","type-post","status-publish","format-standard","hentry","category-general"],"_links":{"self":[{"href":"https:\/\/www.biblia.work\/noticias\/wp-json\/wp\/v2\/posts\/9011","targetHints":{"allow":["GET"]}}],"collection":[{"href":"https:\/\/www.biblia.work\/noticias\/wp-json\/wp\/v2\/posts"}],"about":[{"href":"https:\/\/www.biblia.work\/noticias\/wp-json\/wp\/v2\/types\/post"}],"author":[{"embeddable":true,"href":"https:\/\/www.biblia.work\/noticias\/wp-json\/wp\/v2\/users\/1"}],"replies":[{"embeddable":true,"href":"https:\/\/www.biblia.work\/noticias\/wp-json\/wp\/v2\/comments?post=9011"}],"version-history":[{"count":0,"href":"https:\/\/www.biblia.work\/noticias\/wp-json\/wp\/v2\/posts\/9011\/revisions"}],"wp:attachment":[{"href":"https:\/\/www.biblia.work\/noticias\/wp-json\/wp\/v2\/media?parent=9011"}],"wp:term":[{"taxonomy":"category","embeddable":true,"href":"https:\/\/www.biblia.work\/noticias\/wp-json\/wp\/v2\/categories?post=9011"},{"taxonomy":"post_tag","embeddable":true,"href":"https:\/\/www.biblia.work\/noticias\/wp-json\/wp\/v2\/tags?post=9011"}],"curies":[{"name":"wp","href":"https:\/\/api.w.org\/{rel}","templated":true}]}}