{"id":9016,"date":"2016-11-18T06:15:03","date_gmt":"2016-11-18T11:15:03","guid":{"rendered":"http:\/\/www.biblia.work\/noticias\/el-vaticano-participara-en-la-expo-2017-en-kazajistan\/"},"modified":"2016-11-18T06:15:03","modified_gmt":"2016-11-18T11:15:03","slug":"el-vaticano-participara-en-la-expo-2017-en-kazajistan","status":"publish","type":"post","link":"https:\/\/www.biblia.work\/noticias\/el-vaticano-participara-en-la-expo-2017-en-kazajistan\/","title":{"rendered":"El Vaticano participar\u00e1 en la Expo 2017 en Kazajist\u00e1n"},"content":{"rendered":"<p style=\"text-align: justify\">(ZENIT &#8211; Ciudad del Vaticano).- La Santa Sede\u00a0participar\u00e1 con un pabell\u00f3n sobre la defensa de la &#8216;casa com\u00fan&#8217;\u00a0en la Expo 2017 que se realizar\u00e1 en Astana, la capital de Kazajist\u00e1n.<\/p>\n<p style=\"text-align: justify\">Partiendo de la energ\u00eda y la luz en los or\u00edgenes del hombre, pasando a trav\u00e9s de\u00a0los usos de la energ\u00eda en la historia y llegando a\u00a0los d\u00edas de hoy,\u00a0el pabell\u00f3n que tiene como t\u00edtulo: \u201cEnerg\u00eda para el bien com\u00fan para nuestra casa com\u00fan\u201d, proporcionar\u00e1n un marco profundamente humano y \u00e9tico diferente al contenido de otros pabellones, \u00a0e indicar\u00e1\u00a0adem\u00e1s algunos proyectos que apoya la Santa Sede en zonas en dificultad.<\/p>\n<p style=\"text-align: justify\">Lo inform\u00f3 Oficina de prensa de la Santa Sede, al difundir un comunicado del Pontificio Consejo Justicia y Paz en el cual se precisa que la EXPO, se realizar\u00e1 en un pa\u00eds multi\u00e9tnico y multirreligioso, con una tradici\u00f3n de di\u00e1logo entre las religiones.<\/p>\n<p style=\"text-align: justify\">El cardenal Peter Turkson firm\u00f3 el pasado 29 de abril el contrato para la participaci\u00f3n en la Exposici\u00f3n Universal de Astana y la participaci\u00f3n supone un gran desaf\u00edo, pero tambi\u00e9n una gran oportunidad en un pa\u00eds en donde los cat\u00f3licos son un peque\u00f1o porcentaje de la poblaci\u00f3n.<\/p>\n<p style=\"text-align: justify\">La Santa Sede ha participado en otras EXPO con temas como la gesti\u00f3n del agua, en Zaragoza 2008; o sobre la alimentaci\u00f3n, en Mil\u00e1n 2015. El tema de la energ\u00eda es uno de los temas m\u00e1s importantes tratados en la enc\u00edclica Laudato si\u2019 (2015) y en Caritas in veritate (2009), as\u00ed como las intevenciones de la Santa Sede en las negociaciones clim\u00e1ticas de la ONU.<\/p>\n<p style=\"text-align: justify\">El Pontificio Consejo Justicia y Paz ha dedicado en el 2013 en un volumen, reflexiones sobre la gesti\u00f3n del\u00a0tema energ\u00e9tico como uno de los grandes desaf\u00edos de nuestro tiempo.<\/p>\n<p><span class=\"et_bloom_bottom_trigger\"><\/span><\/p>\n<p><a href=\"https:\/\/es.zenit.org\/\" target=\"_blank\" rel=\"nofollow\">Fuente: es.zenit.org<\/a><\/p>\n","protected":false},"excerpt":{"rendered":"<p>(ZENIT &#8211; Ciudad del Vaticano).- La Santa Sede\u00a0participar\u00e1 con un pabell\u00f3n sobre la defensa de la &#8216;casa com\u00fan&#8217;\u00a0en la Expo 2017 que se realizar\u00e1 en Astana, la capital de Kazajist\u00e1n. Partiendo de la energ\u00eda y la luz en los or\u00edgenes del hombre, pasando a trav\u00e9s de\u00a0los usos de la energ\u00eda en la historia y llegando &hellip; <a href=\"https:\/\/www.biblia.work\/noticias\/el-vaticano-participara-en-la-expo-2017-en-kazajistan\/\" class=\"more-link\">Continuar leyendo<span class=\"screen-reader-text\"> \u00abEl Vaticano participar\u00e1 en la Expo 2017 en Kazajist\u00e1n\u00bb<\/span><\/a><\/p>\n","protected":false},"author":1,"featured_media":0,"comment_status":"open","ping_status":"closed","sticky":false,"template":"","format":"standard","meta":{"footnotes":""},"categories":[1],"tags":[],"class_list":["post-9016","post","type-post","status-publish","format-standard","hentry","category-general"],"_links":{"self":[{"href":"https:\/\/www.biblia.work\/noticias\/wp-json\/wp\/v2\/posts\/9016","targetHints":{"allow":["GET"]}}],"collection":[{"href":"https:\/\/www.biblia.work\/noticias\/wp-json\/wp\/v2\/posts"}],"about":[{"href":"https:\/\/www.biblia.work\/noticias\/wp-json\/wp\/v2\/types\/post"}],"author":[{"embeddable":true,"href":"https:\/\/www.biblia.work\/noticias\/wp-json\/wp\/v2\/users\/1"}],"replies":[{"embeddable":true,"href":"https:\/\/www.biblia.work\/noticias\/wp-json\/wp\/v2\/comments?post=9016"}],"version-history":[{"count":0,"href":"https:\/\/www.biblia.work\/noticias\/wp-json\/wp\/v2\/posts\/9016\/revisions"}],"wp:attachment":[{"href":"https:\/\/www.biblia.work\/noticias\/wp-json\/wp\/v2\/media?parent=9016"}],"wp:term":[{"taxonomy":"category","embeddable":true,"href":"https:\/\/www.biblia.work\/noticias\/wp-json\/wp\/v2\/categories?post=9016"},{"taxonomy":"post_tag","embeddable":true,"href":"https:\/\/www.biblia.work\/noticias\/wp-json\/wp\/v2\/tags?post=9016"}],"curies":[{"name":"wp","href":"https:\/\/api.w.org\/{rel}","templated":true}]}}