{"id":9021,"date":"2016-11-18T08:05:02","date_gmt":"2016-11-18T13:05:02","guid":{"rendered":"http:\/\/www.biblia.work\/noticias\/como-surgio-la-idea-del-ano-de-la-misericordia-el-papa-responde-en-nueva-entrevista\/"},"modified":"2016-11-18T08:05:02","modified_gmt":"2016-11-18T13:05:02","slug":"como-surgio-la-idea-del-ano-de-la-misericordia-el-papa-responde-en-nueva-entrevista","status":"publish","type":"post","link":"https:\/\/www.biblia.work\/noticias\/como-surgio-la-idea-del-ano-de-la-misericordia-el-papa-responde-en-nueva-entrevista\/","title":{"rendered":"\u00bfC\u00f3mo surgi\u00f3 la idea del A\u00f1o de la Misericordia? El Papa responde en nueva entrevista"},"content":{"rendered":"<p> VATICANO, 18 Nov. 16 (ACI).-<br \/>\n\tEn una entrevista publicada hoy al diario Avvenire, de los obispos italianos, el Papa Francisco explic&oacute; c&oacute;mo surgi&oacute; la idea del Jubileo de la Misericordia, bajo la gu&iacute;a del Esp&iacute;ritu Santo.<\/p>\n<p style=\"text-align: justify\">\n\t&ldquo;Simplemente hice aquello que me inspiraba el Esp&iacute;ritu Santo&rdquo;, dijo el Santo Padre, y se&ntilde;al&oacute; que &ldquo;se trataba solo de ser d&oacute;cil al Esp&iacute;ritu Santo, de dejarle hacer a &Eacute;l&rdquo;.<\/p>\n<p style=\"text-align: justify\">\n\t&ldquo;La Iglesia es el Evangelio, es la obra de Jesucristo, y en la Iglesia las cosas entran en el momento adecuado&rdquo;, indic&oacute;.<\/p>\n<p style=\"text-align: justify\">\n\tEl A&ntilde;o de la Misericordia fue inaugurado el 8 de diciembre de 2015, y culminar&aacute; el domingo 20 de noviembre, con el cierre de la Puerta Santa de la Bas&iacute;lica de San Pedro, en el Vaticano.<\/p>\n<p style=\"text-align: justify\">\n\tEl Papa dijo adem&aacute;s que espera que este A&ntilde;o de la Misericordia haya permitido &ldquo;a muchas personas descubrir que Jes&uacute;s les ama mucho, y que se dejen abrazar por &Eacute;l&rdquo;.<\/p>\n<p style=\"text-align: justify\">\n\t&ldquo;La misericordia es el nombre de Dios, y tambi&eacute;n su debilidad, su punto d&eacute;bil&rdquo;.<\/p>\n<p style=\"text-align: justify\">\n\tPara el Santo Padre, el A&ntilde;o de la Misericordia &ldquo;ha sido un proceso que ha madurado a lo largo del tiempo por obra del Esp&iacute;ritu Santo&rdquo; desde el Concilio Vaticano II.<\/p>\n<p style=\"text-align: justify\">\n\tEn este sentido, el Papa indic&oacute; que la Iglesia existe &ldquo;como instrumento para comunicar a los hombres el dise&ntilde;o misericordioso de Dios&rdquo;.<\/p>\n<p style=\"text-align: justify\">\n\t&ldquo;En el Concilio, la Iglesia sinti&oacute; la responsabilidad de estar en el mundo como signo vivo del amor del Padre&rdquo;.<\/p>\n<p style=\"text-align: justify\">\n\tFrancisco destac&oacute; tambi&eacute;n que al menos un siglo debe pasar para que el cuerpo de la Iglesia absorba bien los frutos de un Concilio, y se&ntilde;al&oacute; que &ldquo;estamos a la mitad&rdquo; tras el Vaticano II, clausurado en 1965.<\/p>\n<p style=\"text-align: justify\">\n\tEl Santo Padre se refiri&oacute; adem&aacute;s a la Lumen gentium, una de las cuatro constituciones promulgadas durante el Concilio Vaticano II, y se&ntilde;al&oacute; que con ella, la Iglesia &ldquo;resalta las fuentes de su naturaleza: el Evangelio&rdquo;.<\/p>\n<p style=\"text-align: justify\">\n\tDe esa forma, dijo, &ldquo;se mueve el eje de la concepci&oacute;n cristiana de un cierto legalismo, que puede ser ideol&oacute;gico, a la persona de Dios, que se ha hecho misericordia por medio de la encarnaci&oacute;n de su Hijo&rdquo;.<\/p>\n<p style=\"text-align: justify\">\n\tTambi&eacute;n te puede interesar:<\/p>\n<p style=\"text-align: justify\">\n\t\t10 momentos inolvidables del Jubileo de la Misericordia https:\/\/t.co\/SFEe4DZ6n0<\/p>\n<p>\t&mdash; ACI Prensa (@aciprensa) 16 de noviembre de 2016<\/p>\n","protected":false},"excerpt":{"rendered":"<p>VATICANO, 18 Nov. 16 (ACI).- En una entrevista publicada hoy al diario Avvenire, de los obispos italianos, el Papa Francisco explic&oacute; c&oacute;mo surgi&oacute; la idea del Jubileo de la Misericordia, bajo la gu&iacute;a del Esp&iacute;ritu Santo. &ldquo;Simplemente hice aquello que me inspiraba el Esp&iacute;ritu Santo&rdquo;, dijo el Santo Padre, y se&ntilde;al&oacute; que &ldquo;se trataba solo &hellip; <a href=\"https:\/\/www.biblia.work\/noticias\/como-surgio-la-idea-del-ano-de-la-misericordia-el-papa-responde-en-nueva-entrevista\/\" class=\"more-link\">Continuar leyendo<span class=\"screen-reader-text\"> \u00ab\u00bfC\u00f3mo surgi\u00f3 la idea del A\u00f1o de la Misericordia? El Papa responde en nueva entrevista\u00bb<\/span><\/a><\/p>\n","protected":false},"author":1,"featured_media":0,"comment_status":"open","ping_status":"closed","sticky":false,"template":"","format":"standard","meta":{"footnotes":""},"categories":[1],"tags":[],"class_list":["post-9021","post","type-post","status-publish","format-standard","hentry","category-general"],"_links":{"self":[{"href":"https:\/\/www.biblia.work\/noticias\/wp-json\/wp\/v2\/posts\/9021","targetHints":{"allow":["GET"]}}],"collection":[{"href":"https:\/\/www.biblia.work\/noticias\/wp-json\/wp\/v2\/posts"}],"about":[{"href":"https:\/\/www.biblia.work\/noticias\/wp-json\/wp\/v2\/types\/post"}],"author":[{"embeddable":true,"href":"https:\/\/www.biblia.work\/noticias\/wp-json\/wp\/v2\/users\/1"}],"replies":[{"embeddable":true,"href":"https:\/\/www.biblia.work\/noticias\/wp-json\/wp\/v2\/comments?post=9021"}],"version-history":[{"count":0,"href":"https:\/\/www.biblia.work\/noticias\/wp-json\/wp\/v2\/posts\/9021\/revisions"}],"wp:attachment":[{"href":"https:\/\/www.biblia.work\/noticias\/wp-json\/wp\/v2\/media?parent=9021"}],"wp:term":[{"taxonomy":"category","embeddable":true,"href":"https:\/\/www.biblia.work\/noticias\/wp-json\/wp\/v2\/categories?post=9021"},{"taxonomy":"post_tag","embeddable":true,"href":"https:\/\/www.biblia.work\/noticias\/wp-json\/wp\/v2\/tags?post=9021"}],"curies":[{"name":"wp","href":"https:\/\/api.w.org\/{rel}","templated":true}]}}