{"id":9023,"date":"2016-11-18T08:40:05","date_gmt":"2016-11-18T13:40:05","guid":{"rendered":"http:\/\/www.biblia.work\/noticias\/entrevista-al-papa-francisco-en-la-vigilia-de-la-conclusion-del-jubileo-no-tenia-un-plan-me-deje-llevar-por-el-espiritu-santo\/"},"modified":"2016-11-18T08:40:05","modified_gmt":"2016-11-18T13:40:05","slug":"entrevista-al-papa-francisco-en-la-vigilia-de-la-conclusion-del-jubileo-no-tenia-un-plan-me-deje-llevar-por-el-espiritu-santo","status":"publish","type":"post","link":"https:\/\/www.biblia.work\/noticias\/entrevista-al-papa-francisco-en-la-vigilia-de-la-conclusion-del-jubileo-no-tenia-un-plan-me-deje-llevar-por-el-espiritu-santo\/","title":{"rendered":"Entrevista al Papa Francisco en la vigilia de la conclusi\u00f3n del Jubileo: no ten\u00eda un plan, me dej\u00e9 llevar por el Esp\u00edritu Santo"},"content":{"rendered":"<p> <img src='http:\/\/media02.radiovaticana.va\/photo\/2014\/12\/02\/OSSROM13804_Thumbnail.jpg' alt='' align='left' hspace='5'> <\/p>\n<p><span><br \/>\n<audio class=\"video-js vjs-default-skin vjs-big-play-button-centered rv-custom-audio\" controls=\"\" id=\"audioItem_8906530\" preload=\"none\"><\/audio><br \/>\n<span class=\"rv-audio-download\"><a href=\"http:\/\/media02.radiovaticana.va\/audio\/audio2\/mp3\/00558143.mp3\" title=\"Download audio\"><img decoding=\"async\" src=\"http:\/\/es.radiovaticana.va\/Modules\/Presentation\/Styles\/images-common\/icons\/download-audio-mp3_off.png\" style=\"height: 30px\" \/><\/a><\/span> <\/span><\/p>\n<p>(RV).- La conclusi&oacute;n del Jubileo extraordinario de la Misericordia, nos impulsa a agradecer al Se&ntilde;or, siguiendo las bienaventuranzas que nos ense&ntilde;a Jes&uacute;s, como nos pide el Papa Francisco. As&iacute; se&ntilde;ala <strong>Mons. Marcelo S&aacute;nchez Sorondo<\/strong>,<strong> Canciller de la Pontificia Academia de las Ciencias, <\/strong>en unas declaraciones que concedi&oacute; a Alberto Goroni, recordando la importancia de las obras de misericordia, de la cercan&iacute;a a los m&aacute;s necesitados y del cuidado del medio ambiente.<\/p>\n<p>(CdM &nbsp;&#8211; RV)<\/p>\n<p><a href=\"http:\/\/es.radiovaticana.va\" target=\"_blank\" rel=\"nofollow\">Fuente: es.radiovaticana.va<\/a><\/p>\n","protected":false},"excerpt":{"rendered":"<p>(RV).- La conclusi&oacute;n del Jubileo extraordinario de la Misericordia, nos impulsa a agradecer al Se&ntilde;or, siguiendo las bienaventuranzas que nos ense&ntilde;a Jes&uacute;s, como nos pide el Papa Francisco. As&iacute; se&ntilde;ala Mons. Marcelo S&aacute;nchez Sorondo, Canciller de la Pontificia Academia de las Ciencias, en unas declaraciones que concedi&oacute; a Alberto Goroni, recordando la importancia de las &hellip; <a href=\"https:\/\/www.biblia.work\/noticias\/entrevista-al-papa-francisco-en-la-vigilia-de-la-conclusion-del-jubileo-no-tenia-un-plan-me-deje-llevar-por-el-espiritu-santo\/\" class=\"more-link\">Continuar leyendo<span class=\"screen-reader-text\"> \u00abEntrevista al Papa Francisco en la vigilia de la conclusi\u00f3n del Jubileo: no ten\u00eda un plan, me dej\u00e9 llevar por el Esp\u00edritu Santo\u00bb<\/span><\/a><\/p>\n","protected":false},"author":1,"featured_media":0,"comment_status":"open","ping_status":"closed","sticky":false,"template":"","format":"standard","meta":{"footnotes":""},"categories":[1],"tags":[],"class_list":["post-9023","post","type-post","status-publish","format-standard","hentry","category-general"],"_links":{"self":[{"href":"https:\/\/www.biblia.work\/noticias\/wp-json\/wp\/v2\/posts\/9023","targetHints":{"allow":["GET"]}}],"collection":[{"href":"https:\/\/www.biblia.work\/noticias\/wp-json\/wp\/v2\/posts"}],"about":[{"href":"https:\/\/www.biblia.work\/noticias\/wp-json\/wp\/v2\/types\/post"}],"author":[{"embeddable":true,"href":"https:\/\/www.biblia.work\/noticias\/wp-json\/wp\/v2\/users\/1"}],"replies":[{"embeddable":true,"href":"https:\/\/www.biblia.work\/noticias\/wp-json\/wp\/v2\/comments?post=9023"}],"version-history":[{"count":0,"href":"https:\/\/www.biblia.work\/noticias\/wp-json\/wp\/v2\/posts\/9023\/revisions"}],"wp:attachment":[{"href":"https:\/\/www.biblia.work\/noticias\/wp-json\/wp\/v2\/media?parent=9023"}],"wp:term":[{"taxonomy":"category","embeddable":true,"href":"https:\/\/www.biblia.work\/noticias\/wp-json\/wp\/v2\/categories?post=9023"},{"taxonomy":"post_tag","embeddable":true,"href":"https:\/\/www.biblia.work\/noticias\/wp-json\/wp\/v2\/tags?post=9023"}],"curies":[{"name":"wp","href":"https:\/\/api.w.org\/{rel}","templated":true}]}}