{"id":9027,"date":"2016-11-18T09:15:03","date_gmt":"2016-11-18T14:15:03","guid":{"rendered":"http:\/\/www.biblia.work\/noticias\/el-papa-escribe-la-carta-apostolica-misericordia-et-misera-para-el-cierre-del-jubileo\/"},"modified":"2016-11-18T09:15:03","modified_gmt":"2016-11-18T14:15:03","slug":"el-papa-escribe-la-carta-apostolica-misericordia-et-misera-para-el-cierre-del-jubileo","status":"publish","type":"post","link":"https:\/\/www.biblia.work\/noticias\/el-papa-escribe-la-carta-apostolica-misericordia-et-misera-para-el-cierre-del-jubileo\/","title":{"rendered":"El Papa escribe la carta apost\u00f3lica \u201cMisericordia et Misera\u201d para el cierre del Jubileo"},"content":{"rendered":"<p style=\"text-align: justify\">(ZENIT &#8211; Ciudad del Vaticano).-\u00a0<i><span style=\"font-weight: 400\">Misericordia et Misera. <\/span><\/i><span style=\"font-weight: 400\">Este es el t\u00edtulo de la carta apost\u00f3lica que el papa Francisco ha querido presentar en el cierre de A\u00f1o Jubilar. Se trata de un documento con el cual, como est\u00e1 previsto, el Papa indicar\u00e1 a la Iglesia cat\u00f3lica los frutos del A\u00f1o Santo extraordinario de la Misericordia y el camino de la evangelizaci\u00f3n a recorrer en los pr\u00f3ximos a\u00f1os. <\/span><\/p>\n<p style=\"text-align: justify\"><span style=\"font-weight: 400\">El documento ser\u00e1 publicado este lunes y presentado a la prensa por monse\u00f1or Rino Fisichella, presidente del Pontificio Consejo para la Promoci\u00f3n de la Nueva Evangelizaci\u00f3n, el Dicasterio organizador del A\u00f1o Santo. <\/span><\/p>\n<p><span class=\"et_bloom_bottom_trigger\"><\/span><\/p>\n<p><a href=\"https:\/\/es.zenit.org\/\" target=\"_blank\" rel=\"nofollow\">Fuente: es.zenit.org<\/a><\/p>\n","protected":false},"excerpt":{"rendered":"<p>(ZENIT &#8211; Ciudad del Vaticano).-\u00a0Misericordia et Misera. Este es el t\u00edtulo de la carta apost\u00f3lica que el papa Francisco ha querido presentar en el cierre de A\u00f1o Jubilar. Se trata de un documento con el cual, como est\u00e1 previsto, el Papa indicar\u00e1 a la Iglesia cat\u00f3lica los frutos del A\u00f1o Santo extraordinario de la Misericordia &hellip; <a href=\"https:\/\/www.biblia.work\/noticias\/el-papa-escribe-la-carta-apostolica-misericordia-et-misera-para-el-cierre-del-jubileo\/\" class=\"more-link\">Continuar leyendo<span class=\"screen-reader-text\"> \u00abEl Papa escribe la carta apost\u00f3lica \u201cMisericordia et Misera\u201d para el cierre del Jubileo\u00bb<\/span><\/a><\/p>\n","protected":false},"author":1,"featured_media":0,"comment_status":"open","ping_status":"closed","sticky":false,"template":"","format":"standard","meta":{"footnotes":""},"categories":[1],"tags":[],"class_list":["post-9027","post","type-post","status-publish","format-standard","hentry","category-general"],"_links":{"self":[{"href":"https:\/\/www.biblia.work\/noticias\/wp-json\/wp\/v2\/posts\/9027","targetHints":{"allow":["GET"]}}],"collection":[{"href":"https:\/\/www.biblia.work\/noticias\/wp-json\/wp\/v2\/posts"}],"about":[{"href":"https:\/\/www.biblia.work\/noticias\/wp-json\/wp\/v2\/types\/post"}],"author":[{"embeddable":true,"href":"https:\/\/www.biblia.work\/noticias\/wp-json\/wp\/v2\/users\/1"}],"replies":[{"embeddable":true,"href":"https:\/\/www.biblia.work\/noticias\/wp-json\/wp\/v2\/comments?post=9027"}],"version-history":[{"count":0,"href":"https:\/\/www.biblia.work\/noticias\/wp-json\/wp\/v2\/posts\/9027\/revisions"}],"wp:attachment":[{"href":"https:\/\/www.biblia.work\/noticias\/wp-json\/wp\/v2\/media?parent=9027"}],"wp:term":[{"taxonomy":"category","embeddable":true,"href":"https:\/\/www.biblia.work\/noticias\/wp-json\/wp\/v2\/categories?post=9027"},{"taxonomy":"post_tag","embeddable":true,"href":"https:\/\/www.biblia.work\/noticias\/wp-json\/wp\/v2\/tags?post=9027"}],"curies":[{"name":"wp","href":"https:\/\/api.w.org\/{rel}","templated":true}]}}