{"id":9032,"date":"2016-11-18T11:15:02","date_gmt":"2016-11-18T16:15:02","guid":{"rendered":"http:\/\/www.biblia.work\/noticias\/mensaje-de-los-obispos-bolivianos-al-pueblo-de-dios-misericordiosos-como-el-padre\/"},"modified":"2016-11-18T11:15:02","modified_gmt":"2016-11-18T16:15:02","slug":"mensaje-de-los-obispos-bolivianos-al-pueblo-de-dios-misericordiosos-como-el-padre","status":"publish","type":"post","link":"https:\/\/www.biblia.work\/noticias\/mensaje-de-los-obispos-bolivianos-al-pueblo-de-dios-misericordiosos-como-el-padre\/","title":{"rendered":"Mensaje de los obispos bolivianos al Pueblo de Dios \u201cMisericordiosos como el Padre\u201d"},"content":{"rendered":"<p style=\"text-align: justify\">(ZENIT \u2013 Roma).- Los Obispos de Bolivia se reunieron en Cochabamba del 10 al 15 de noviembre con motivo de su 102 asamblea plenaria, que se realiz\u00f3 en la Casa Cardenal Maurer de Cochabamba.<\/p>\n<p style=\"text-align: justify\">En su mensaje al Pueblo de Dios clausurando las jornadas de reflexi\u00f3n y an\u00e1lisis de la situaci\u00f3n actual del pa\u00eds pidieron que la misericordia se manifieste siempre en la forma de tratarnos en esta Patria.<\/p>\n<p style=\"text-align: justify\">\u201cAgradecemos a Dios por permitirnos celebrar el A\u00f1o Jubilar de la Misericordia, convocado por el Papa Francisco. Hemos sido testigos de que much\u00edsimos hermanos han buscado experimentar el rostro misericordioso del Padre a trav\u00e9s de la Eucarist\u00eda, el Sacramento de la Reconciliaci\u00f3n, las peregrinaciones y las obras de misericordia, corporales y espirituales. Hemos rele\u00eddo el Evangelio en clave de Misericordia, conociendo mejor a Dios que manifiesta su amor y su perd\u00f3n en Cristo Jes\u00fas\u201d escriben en su mensaje.<\/p>\n<p style=\"text-align: justify\">\u201cConvivamos en base a la verdad, sin mentiras, desde el respeto, sin agresiones. Que los intereses particulares den paso al inter\u00e9s por el bien com\u00fan, particularmente a favor de los m\u00e1s vulnerables y descartados: privados de libertad, discapacitados, enfermos, y personas en situaci\u00f3n de pobreza extrema\u201d escribieron en su mensaje final.<\/p>\n<p style=\"text-align: justify\">Recordaron tambi\u00e9n que \u201ctotalmente opuesto a la sacralidad de la vida son los feminicidios, los linchamientos, la trata y tr\u00e1fico de personas, los abortos provocados, y todas las formas de violencia persistentes en la sociedad\u201d.<\/p>\n<p style=\"text-align: justify\">Advirtieron adem\u00e1s que \u201chace falta vivir la misericordia en la pr\u00e1ctica de la justicia, a veces instrumentalizada por intereses pol\u00edticos y por la corrupci\u00f3n.<\/p>\n<p style=\"text-align: justify\">El uso de la prisi\u00f3n preventiva sin sentencia judicial y por largo tiempo, vulnera el derecho a la presunci\u00f3n de inocencia, ocasionando condiciones inhumanas en las c\u00e1rceles\u201d.<\/p>\n<p style=\"text-align: justify\">\u201cNos unimos -se\u00f1alan los obispos- al clamor hist\u00f3rico del Pueblo Boliviano por una Justicia confiable, \u00e1gil e imparcial\u201d, es el mensaje de los Obispos en torno a la problem\u00e1tica actual que vive Bolivia.<\/p>\n<p style=\"text-align: justify\"><a target=\"_blank\" rel=\"nofollow\" href=\"http:\/\/www.iglesiaviva.net\/2016\/11\/15\/mensaje-al-pueblo-de-dios-misericordiosos-como-el-padre-3\/\">Mensaje al Pueblo de Dios\u00a0\u201cMisericordiosos como el Padre\u201d Texto completo<\/a><\/p>\n<p style=\"text-align: justify\">&nbsp;<\/p>\n<p><span class=\"et_bloom_bottom_trigger\"><\/span><\/p>\n<p><a href=\"https:\/\/es.zenit.org\/\" target=\"_blank\" rel=\"nofollow\">Fuente: es.zenit.org<\/a><\/p>\n","protected":false},"excerpt":{"rendered":"<p>(ZENIT \u2013 Roma).- Los Obispos de Bolivia se reunieron en Cochabamba del 10 al 15 de noviembre con motivo de su 102 asamblea plenaria, que se realiz\u00f3 en la Casa Cardenal Maurer de Cochabamba. En su mensaje al Pueblo de Dios clausurando las jornadas de reflexi\u00f3n y an\u00e1lisis de la situaci\u00f3n actual del pa\u00eds pidieron &hellip; <a href=\"https:\/\/www.biblia.work\/noticias\/mensaje-de-los-obispos-bolivianos-al-pueblo-de-dios-misericordiosos-como-el-padre\/\" class=\"more-link\">Continuar leyendo<span class=\"screen-reader-text\"> \u00abMensaje de los obispos bolivianos al Pueblo de Dios \u201cMisericordiosos como el Padre\u201d\u00bb<\/span><\/a><\/p>\n","protected":false},"author":1,"featured_media":0,"comment_status":"open","ping_status":"closed","sticky":false,"template":"","format":"standard","meta":{"footnotes":""},"categories":[1],"tags":[],"class_list":["post-9032","post","type-post","status-publish","format-standard","hentry","category-general"],"_links":{"self":[{"href":"https:\/\/www.biblia.work\/noticias\/wp-json\/wp\/v2\/posts\/9032","targetHints":{"allow":["GET"]}}],"collection":[{"href":"https:\/\/www.biblia.work\/noticias\/wp-json\/wp\/v2\/posts"}],"about":[{"href":"https:\/\/www.biblia.work\/noticias\/wp-json\/wp\/v2\/types\/post"}],"author":[{"embeddable":true,"href":"https:\/\/www.biblia.work\/noticias\/wp-json\/wp\/v2\/users\/1"}],"replies":[{"embeddable":true,"href":"https:\/\/www.biblia.work\/noticias\/wp-json\/wp\/v2\/comments?post=9032"}],"version-history":[{"count":0,"href":"https:\/\/www.biblia.work\/noticias\/wp-json\/wp\/v2\/posts\/9032\/revisions"}],"wp:attachment":[{"href":"https:\/\/www.biblia.work\/noticias\/wp-json\/wp\/v2\/media?parent=9032"}],"wp:term":[{"taxonomy":"category","embeddable":true,"href":"https:\/\/www.biblia.work\/noticias\/wp-json\/wp\/v2\/categories?post=9032"},{"taxonomy":"post_tag","embeddable":true,"href":"https:\/\/www.biblia.work\/noticias\/wp-json\/wp\/v2\/tags?post=9032"}],"curies":[{"name":"wp","href":"https:\/\/api.w.org\/{rel}","templated":true}]}}