{"id":9040,"date":"2016-11-18T13:15:02","date_gmt":"2016-11-18T18:15:02","guid":{"rendered":"http:\/\/www.biblia.work\/noticias\/concluyo-en-argentina-un-encuentro-para-fortalecer-el-dialogo-interreligioso\/"},"modified":"2016-11-18T13:15:02","modified_gmt":"2016-11-18T18:15:02","slug":"concluyo-en-argentina-un-encuentro-para-fortalecer-el-dialogo-interreligioso","status":"publish","type":"post","link":"https:\/\/www.biblia.work\/noticias\/concluyo-en-argentina-un-encuentro-para-fortalecer-el-dialogo-interreligioso\/","title":{"rendered":"Concluy\u00f3 en Argentina un encuentro para fortalecer el di\u00e1logo interreligioso"},"content":{"rendered":"<p style=\"text-align: justify\">(ZENIT \u2013 Roma).- Los obispos responsables del ecumenismo y del di\u00e1logo Interreligioso en las conferencias episcopales de Am\u00e9rica Latina y el Caribe concluyeron hoy en Argentina, en la localidad bonaerense de San Miguel, una reuni\u00f3n de cinco d\u00edas dedicada a fortalecer su pastoral para el trienio 2017-2019, indic\u00f3 la agencia de noticias Aica.<\/p>\n<p style=\"text-align: justify\">El mi\u00e9rcoles 16 visitaron la sede del Episcopado, donde participaron de un acto de oraci\u00f3n con autoridades de la Iglesia en la Argentina y con integrantes de distintas comunidades religiosas.<\/p>\n<p style=\"text-align: justify\">All\u00ed el arzobispo de Buenos Aires y vicepresidente 1\u00b0 de la Conferencia Episcopal, cardenal Mario Aurelio Poli, dijo glos\u00f3 un texto de Isa\u00edas y se\u00f1al\u00f3 que si de Alguien no podemos dudar de que cumple sus promesas es de Dios. \u00bfAcaso no se empiezan a ver tiempos de paz con estos espacios?, se pregunt\u00f3. Y se\u00f1al\u00f3: \u201cLo que necesita Dios es que no le pongamos palos en la rueda para seguir el camino de la paz\u201d.<\/p>\n<p style=\"text-align: justify\">Tambi\u00e9n estaba el secretario general de la Conferencia, monse\u00f1or Carlos Malfa, obispo de Chascom\u00fas. Acompa\u00f1aron a los visitantes los obispos argentinos que participaban en la reuni\u00f3n de San Miguel, el arzobispo de C\u00f3rdoba, monse\u00f1or Carlos \u00d1\u00e1\u00f1ez, y su auxiliar Pedro Torres, presidente y miembro de la Comisi\u00f3n Episcopal de Ecumenismo, Relaciones con el Juda\u00edsmo, el Islam y las Religiones (CEERJIR), respectivamente.<\/p>\n<p style=\"text-align: justify\">Por su parte el presidente de la Comision Ecum\u00e9nica de Iglesias Cristianas de la Argentina (CEICA), el obispo metodista Frank de Nully Brown, dijo que la paz no se puede construir desde relaciones violentas que implican avasallar al otro, entre familias, entre ricos y pobres, entre naciones poderosas y d\u00e9biles. Y exalt\u00f3 el amor a Dios y al pr\u00f3jimo.<\/p>\n<p style=\"text-align: justify\">Entre otros, estuvieron en el Episcopado el arzobispo monse\u00f1or Chrysostomos Ghassali, de la Iglesia Siriana Ortodox de Antioqu\u00eda; el pastor Jorge G\u00f3mez, de la Alianza Cristiana de Iglesias Evang\u00e9licas de la Rep\u00fablica Argentina (ACIERA); las pastoras Viviana Pinto, del Consejo Latinoamericano de Iglesias, y Ester Iglesias, de Disc\u00edpulos de Cristo; los pastores metodistas Hugo Urcola y Daniel Favaro, el pastor bautista Tom\u00e1s Mackey; Jorge Berrios, de Aposento Alto; el rabino Arieh Stockman y el vicepresidente del Centro Isl\u00e1mico, Abdulhamid Hageg, junto con otro directivo, Adnan Kassab.<\/p>\n<p><span class=\"et_bloom_bottom_trigger\"><\/span><\/p>\n<p><a href=\"https:\/\/es.zenit.org\/\" target=\"_blank\" rel=\"nofollow\">Fuente: es.zenit.org<\/a><\/p>\n","protected":false},"excerpt":{"rendered":"<p>(ZENIT \u2013 Roma).- Los obispos responsables del ecumenismo y del di\u00e1logo Interreligioso en las conferencias episcopales de Am\u00e9rica Latina y el Caribe concluyeron hoy en Argentina, en la localidad bonaerense de San Miguel, una reuni\u00f3n de cinco d\u00edas dedicada a fortalecer su pastoral para el trienio 2017-2019, indic\u00f3 la agencia de noticias Aica. El mi\u00e9rcoles &hellip; <a href=\"https:\/\/www.biblia.work\/noticias\/concluyo-en-argentina-un-encuentro-para-fortalecer-el-dialogo-interreligioso\/\" class=\"more-link\">Continuar leyendo<span class=\"screen-reader-text\"> \u00abConcluy\u00f3 en Argentina un encuentro para fortalecer el di\u00e1logo interreligioso\u00bb<\/span><\/a><\/p>\n","protected":false},"author":1,"featured_media":0,"comment_status":"open","ping_status":"closed","sticky":false,"template":"","format":"standard","meta":{"footnotes":""},"categories":[1],"tags":[],"class_list":["post-9040","post","type-post","status-publish","format-standard","hentry","category-general"],"_links":{"self":[{"href":"https:\/\/www.biblia.work\/noticias\/wp-json\/wp\/v2\/posts\/9040","targetHints":{"allow":["GET"]}}],"collection":[{"href":"https:\/\/www.biblia.work\/noticias\/wp-json\/wp\/v2\/posts"}],"about":[{"href":"https:\/\/www.biblia.work\/noticias\/wp-json\/wp\/v2\/types\/post"}],"author":[{"embeddable":true,"href":"https:\/\/www.biblia.work\/noticias\/wp-json\/wp\/v2\/users\/1"}],"replies":[{"embeddable":true,"href":"https:\/\/www.biblia.work\/noticias\/wp-json\/wp\/v2\/comments?post=9040"}],"version-history":[{"count":0,"href":"https:\/\/www.biblia.work\/noticias\/wp-json\/wp\/v2\/posts\/9040\/revisions"}],"wp:attachment":[{"href":"https:\/\/www.biblia.work\/noticias\/wp-json\/wp\/v2\/media?parent=9040"}],"wp:term":[{"taxonomy":"category","embeddable":true,"href":"https:\/\/www.biblia.work\/noticias\/wp-json\/wp\/v2\/categories?post=9040"},{"taxonomy":"post_tag","embeddable":true,"href":"https:\/\/www.biblia.work\/noticias\/wp-json\/wp\/v2\/tags?post=9040"}],"curies":[{"name":"wp","href":"https:\/\/api.w.org\/{rel}","templated":true}]}}