{"id":9048,"date":"2016-11-18T15:15:02","date_gmt":"2016-11-18T20:15:02","guid":{"rendered":"http:\/\/www.biblia.work\/noticias\/francisco-pide-que-las-cuestiones-economicas-no-sean-obstaculo-para-verificar-la-validez-de-un-matrimonio\/"},"modified":"2016-11-18T15:15:02","modified_gmt":"2016-11-18T20:15:02","slug":"francisco-pide-que-las-cuestiones-economicas-no-sean-obstaculo-para-verificar-la-validez-de-un-matrimonio","status":"publish","type":"post","link":"https:\/\/www.biblia.work\/noticias\/francisco-pide-que-las-cuestiones-economicas-no-sean-obstaculo-para-verificar-la-validez-de-un-matrimonio\/","title":{"rendered":"Francisco pide que las cuestiones econ\u00f3micas no sean obst\u00e1culo para verificar la validez de un matrimonio"},"content":{"rendered":"<p style=\"text-align: justify\"><span style=\"font-weight: 400\">(ZENIT &#8211; Ciudad del Vaticano).- El papa Francisco ha asegurado que es necesario eliminar con decisi\u00f3n \u201ctodo impedimento de car\u00e1cter mundano que hace dif\u00edcil a un largo n\u00famero de fieles el acceso a los Tribunales eclesi\u00e1sticos\u201d. Cuestiones de tipo econ\u00f3mico y organizativo &#8211;ha aseverado&#8211; no pueden constituir un obst\u00e1culo para la verificaci\u00f3n can\u00f3nica sobre la validez de un matrimonio. <\/span><\/p>\n<p style=\"text-align: justify\"><span style=\"font-weight: 400\">As\u00ed lo ha explicado en su discurso durante la visita el Tribunal Apost\u00f3lico de la Rota Romana donde se ha reunido con los participantes del Curso de formaci\u00f3n para los obispos sobre el nuevo proceso matrimonial. <\/span><\/p>\n<p style=\"text-align: justify\"><span style=\"font-weight: 400\">De este modo, el Papa ha se\u00f1alado que este curso subraya cu\u00e1nto los obispos, al ser constituidos en la ordenaci\u00f3n como \u201cmaestros de fe\u201d, tenga la necesidad de aprender continuamente. Asimismo, ha recordado que la \u201cinculturaci\u00f3n\u201d del Evangelio se funda precisamente en este principio que ve unidas \u201cla fidelidad al anuncio evang\u00e9lico y su comprensi\u00f3n y traducci\u00f3n en el tiempo\u201d. <\/span><\/p>\n<p style=\"text-align: justify\"><span style=\"font-weight: 400\">Adem\u00e1s, el Papa ha subrayado que la atenci\u00f3n a las personas \u201ces el motivo teol\u00f3gico y eclesiol\u00f3gico que subyace en este curso de formaci\u00f3n\u201d. Las salud espiritual &#8211;ha indicado&#8211; de las personas confiadas a nosotros constituye el fin de toda acci\u00f3n pastoral. <\/span><\/p>\n<p style=\"text-align: justify\"><span style=\"font-weight: 400\">Por otro lado, el Pont\u00edfice ha se\u00f1alado que en la \u00f3ptica de una sana relaci\u00f3n entre justicia y caridad, \u201cla ley de la Iglesia no puede prescindir del principio fundamental de la <\/span><i><span style=\"font-weight: 400\">salus animarum<\/span><\/i><span style=\"font-weight: 400\">\u201d<\/span><i><span style=\"font-weight: 400\">. <\/span><\/i><\/p>\n<p style=\"text-align: justify\"><span style=\"font-weight: 400\">Los tribunales eclesiales &#8211;ha recordado el Papa&#8211; est\u00e1n llamados a ser expresi\u00f3n tangible de un servicio diaconal del derecho en lo relacionado con este fin primario. <\/span><\/p>\n<p style=\"text-align: justify\"><span style=\"font-weight: 400\">En esta perspectiva, \u201cla Iglesia camina desde siempre, como madre que acoge y ama, con el ejemplo de Jes\u00fas Buen Samaritanos\u201d, ha a\u00f1adido. Iglesia del \u201cVerbo Encarnado\u201d, se \u201cencarna\u201d en las situaciones tristes y dolorosas de la gente, se inclina sobre los \u201cpobres\u201d y sobre los que \u201cest\u00e1n lejos de la comunidad eclesial\u201d o se consideran fuera de ella por su \u201cfracaso conyugal\u201d. A\u00fan as\u00ed, ellos \u201cson y permanecen incorporados a Cristo en virtud del Bautismo\u201d. <\/span><\/p>\n<p style=\"text-align: justify\"><span style=\"font-weight: 400\">Por ello, ha explicado Francisco, \u201cnos corresponde a nosotros\u201d la seria responsabilidad de ejercitar el <\/span><i><span style=\"font-weight: 400\">munus<\/span><\/i><span style=\"font-weight: 400\">, recibido por Jes\u00fas divino Pastor \u201cm\u00e9dico y juez de las almas\u201d. Estamos llamados &#8211;ha afirmado el Pont\u00edfice&#8211; a no excluir de nuestra ansia pastoral, sino dedicarnos a ellos y a su situaci\u00f3n irregular y sufrida con todo tipo de cercan\u00eda y caridad. <\/span><\/p>\n<p style=\"text-align: justify\"><span style=\"font-weight: 400\">Tambi\u00e9n ha considerado que el encuentro han llevado las solicitudes y preguntas que surgen en el \u00e1mbito de la pastoral matrimonial de las di\u00f3cesis y tales instancias \u201crequieren respuestas y medidas no siempre f\u00e1ciles\u201d. Pero se ha mostrado segura de que estos d\u00edas de estudio les ayudar\u00e1n a \u201cconcretar la actitud m\u00e1s oportuna a las distintas problem\u00e1ticas\u201d.<\/span><\/p>\n<p><span class=\"et_bloom_bottom_trigger\"><\/span><\/p>\n<p><a href=\"https:\/\/es.zenit.org\/\" target=\"_blank\" rel=\"nofollow\">Fuente: es.zenit.org<\/a><\/p>\n","protected":false},"excerpt":{"rendered":"<p>(ZENIT &#8211; Ciudad del Vaticano).- El papa Francisco ha asegurado que es necesario eliminar con decisi\u00f3n \u201ctodo impedimento de car\u00e1cter mundano que hace dif\u00edcil a un largo n\u00famero de fieles el acceso a los Tribunales eclesi\u00e1sticos\u201d. Cuestiones de tipo econ\u00f3mico y organizativo &#8211;ha aseverado&#8211; no pueden constituir un obst\u00e1culo para la verificaci\u00f3n can\u00f3nica sobre la &hellip; <a href=\"https:\/\/www.biblia.work\/noticias\/francisco-pide-que-las-cuestiones-economicas-no-sean-obstaculo-para-verificar-la-validez-de-un-matrimonio\/\" class=\"more-link\">Continuar leyendo<span class=\"screen-reader-text\"> \u00abFrancisco pide que las cuestiones econ\u00f3micas no sean obst\u00e1culo para verificar la validez de un matrimonio\u00bb<\/span><\/a><\/p>\n","protected":false},"author":1,"featured_media":0,"comment_status":"open","ping_status":"closed","sticky":false,"template":"","format":"standard","meta":{"footnotes":""},"categories":[1],"tags":[],"class_list":["post-9048","post","type-post","status-publish","format-standard","hentry","category-general"],"_links":{"self":[{"href":"https:\/\/www.biblia.work\/noticias\/wp-json\/wp\/v2\/posts\/9048","targetHints":{"allow":["GET"]}}],"collection":[{"href":"https:\/\/www.biblia.work\/noticias\/wp-json\/wp\/v2\/posts"}],"about":[{"href":"https:\/\/www.biblia.work\/noticias\/wp-json\/wp\/v2\/types\/post"}],"author":[{"embeddable":true,"href":"https:\/\/www.biblia.work\/noticias\/wp-json\/wp\/v2\/users\/1"}],"replies":[{"embeddable":true,"href":"https:\/\/www.biblia.work\/noticias\/wp-json\/wp\/v2\/comments?post=9048"}],"version-history":[{"count":0,"href":"https:\/\/www.biblia.work\/noticias\/wp-json\/wp\/v2\/posts\/9048\/revisions"}],"wp:attachment":[{"href":"https:\/\/www.biblia.work\/noticias\/wp-json\/wp\/v2\/media?parent=9048"}],"wp:term":[{"taxonomy":"category","embeddable":true,"href":"https:\/\/www.biblia.work\/noticias\/wp-json\/wp\/v2\/categories?post=9048"},{"taxonomy":"post_tag","embeddable":true,"href":"https:\/\/www.biblia.work\/noticias\/wp-json\/wp\/v2\/tags?post=9048"}],"curies":[{"name":"wp","href":"https:\/\/api.w.org\/{rel}","templated":true}]}}