{"id":9053,"date":"2016-11-18T17:15:02","date_gmt":"2016-11-18T22:15:02","guid":{"rendered":"http:\/\/www.biblia.work\/noticias\/el-arzobispo-de-madrid-asegura-que-ser-cardenal-es-un-servicio-de-entrega-incondicional\/"},"modified":"2016-11-18T17:15:02","modified_gmt":"2016-11-18T22:15:02","slug":"el-arzobispo-de-madrid-asegura-que-ser-cardenal-es-un-servicio-de-entrega-incondicional","status":"publish","type":"post","link":"https:\/\/www.biblia.work\/noticias\/el-arzobispo-de-madrid-asegura-que-ser-cardenal-es-un-servicio-de-entrega-incondicional\/","title":{"rendered":"El arzobispo de Madrid asegura que \u201cser cardenal es un servicio de entrega incondicional\u201d"},"content":{"rendered":"<p style=\"text-align: justify\">(ZENIT &#8211; Roma).-\u00a0<span style=\"font-weight: 400\">Intensificar m\u00e1s la oraci\u00f3n y sobre todo situarse ante el Se\u00f1or viendo lo que en estos momentos le pide a trav\u00e9s del Santo Padre y qu\u00e9 disponibilidad interior tiene para acceder con pasi\u00f3n y tambi\u00e9n con alegr\u00eda. As\u00ed es como se ha preparado el arzobispo de Madrid, Carlos Osoro, para el consistorio de este s\u00e1bado, donde ser\u00e1 creado cardenal por el papa Francisco. <\/span><\/p>\n<p style=\"text-align: justify\"><span style=\"font-weight: 400\">Hace apenas un mes que el Pont\u00edfice anunci\u00f3 qui\u00e9nes ser\u00edan los pr\u00f3ximos cardenales. Y durante estas semanas, monse\u00f1or Osoro se ha preguntado mucho lo mismo Jes\u00fas le pregunt\u00f3 a los hijos de Zebedeo: \u00bfpod\u00e9is beber el calidad que yo he de beber? Y contestaron que s\u00ed. Yo &#8211;explica el neo cardenal a ZENIT&#8211; \u00a0he querido decirle al Se\u00f1or que si \u00c9l me pide la vida, yo estar\u00eda dispuesto a darla. <\/span><\/p>\n<p style=\"text-align: justify\"><span style=\"font-weight: 400\">El ser nombrado cardenal, asegura el arzobispo de Madrid, supone un \u201cagradecimiento sincero a Dios\u201d y \u201cal Santo Padre por haberme llamado a esta misi\u00f3n junto a \u00e9l\u201d. Pero supone tambi\u00e9n \u201cun pedirme m\u00e1s coherencia en mi vida y mi ministerio\u201d. Es decir, \u201cser de verdad pastor que cuida a los dem\u00e1s, que se olvida de s\u00ed y que para \u00e9l lo m\u00e1s importante son los dem\u00e1s\u201d. Y con ese \u201clos dem\u00e1s\u201d se refiere a todos: los que est\u00e1n \u201cdentro de la vida de la Iglesia\u201d, los que \u201cno han conocido al Se\u00f1or\u201d, los que \u201cle han conocido y le han rechazado\u201d. \u00a0<\/span><\/p>\n<p style=\"text-align: justify\"><span style=\"font-weight: 400\">Respecto a los desaf\u00edos que ahora mismo se le plantean, se\u00f1ala los que indic\u00f3 el Papa en Evangelii Gaudium. \u201cLlevar la alegr\u00eda del Evangelio porque no llevamos algo triste, llevamos una alegr\u00eda que nace del encuentro con el Se\u00f1or, con un Dios que ama y rehabilita permanentemente al ser humano\u201d, explica el arzobispo. <\/span><\/p>\n<p style=\"text-align: justify\"><span style=\"font-weight: 400\">En esta misi\u00f3n, el futuro cardenal asegura que encuentra fuerzas en \u201cla gracia de Dios\u201d porque \u201csin \u00c9l no podr\u00eda hacer nada\u201d. Al respecto, asegura que siempre le ha pasado en su vida que \u201ccuando el Se\u00f1or me ha ido pidiendo las cosas\u201d, tambi\u00e9n \u201cel Se\u00f1or me ha dado lo que necesitaba en cada momento cuando de verdad estaba abierto\u201d. Tambi\u00e9n ha habido momentos &#8211;asegura&#8211; en los que ha tenido cerraz\u00f3n y en esos momentos ha sentido que viv\u00eda desde m\u00ed mismo. \u201cY vivir desde m\u00ed mismo es malo para m\u00ed, porque no me da horizontes, pero tambi\u00e9n repercute en los dem\u00e1s, porque no les doy nada\u201d, se\u00f1ala\u00a0monse\u00f1or Osoro. <\/span><\/p>\n<p style=\"text-align: justify\"><span style=\"font-weight: 400\"> Sin embargo, \u201ccuando he estado abierto a la gracia del Se\u00f1or he sido capaz de muchas cosas y as\u00ed me sit\u00fao en este momento de mi vida\u201d.\u00a0Por eso se siente confiado en que \u201c\u00c9l me va a dar lo que necesite en este momento para ayudar en lo que me pida el Santo Padre y para seguir trabajando en la archidi\u00f3cesis de Madrid\u201d, precisa. <\/span><\/p>\n<p style=\"text-align: justify\"><span style=\"font-weight: 400\">Sobre c\u00f3mo vivir esta etapa, el arzobispo de Madrid, recuerda lo que les pidi\u00f3 el Papa en la carta que envi\u00f3 a los nuevos cardenales: \u201cagradecer a la gente y a Dios\u201d y \u201cno entrar en la mundanidad\u201d. El cardenalato nos debe llevar &#8220;a descubrir que este es un servicio de entrega incondicional&#8221; y as\u00ed &#8220;nos identifiquen m\u00e1s con Jesucristo&#8221; y &#8220;minimicemos lo m\u00e1s mundano\u201d. <\/span><\/p>\n<p style=\"text-align: justify\"><span style=\"font-weight: 400\">Finalmente, tiene presente a todos los fieles -sacerdotes, laicos, religiosas, comunidades&#8211; \u00a0que le ayudan a llegar a las \u201cperiferias\u201d tanto existenciales como reales, en su arzobispado. Personas que hacen un gran trabajo y gracias a las cuales se siente \u201cmuy ayudado\u201d. <\/span><\/p>\n<p><span class=\"et_bloom_bottom_trigger\"><\/span><\/p>\n<p><a href=\"https:\/\/es.zenit.org\/\" target=\"_blank\" rel=\"nofollow\">Fuente: es.zenit.org<\/a><\/p>\n","protected":false},"excerpt":{"rendered":"<p>(ZENIT &#8211; Roma).-\u00a0Intensificar m\u00e1s la oraci\u00f3n y sobre todo situarse ante el Se\u00f1or viendo lo que en estos momentos le pide a trav\u00e9s del Santo Padre y qu\u00e9 disponibilidad interior tiene para acceder con pasi\u00f3n y tambi\u00e9n con alegr\u00eda. As\u00ed es como se ha preparado el arzobispo de Madrid, Carlos Osoro, para el consistorio de &hellip; <a href=\"https:\/\/www.biblia.work\/noticias\/el-arzobispo-de-madrid-asegura-que-ser-cardenal-es-un-servicio-de-entrega-incondicional\/\" class=\"more-link\">Continuar leyendo<span class=\"screen-reader-text\"> \u00abEl arzobispo de Madrid asegura que \u201cser cardenal es un servicio de entrega incondicional\u201d\u00bb<\/span><\/a><\/p>\n","protected":false},"author":1,"featured_media":0,"comment_status":"open","ping_status":"closed","sticky":false,"template":"","format":"standard","meta":{"footnotes":""},"categories":[1],"tags":[],"class_list":["post-9053","post","type-post","status-publish","format-standard","hentry","category-general"],"_links":{"self":[{"href":"https:\/\/www.biblia.work\/noticias\/wp-json\/wp\/v2\/posts\/9053","targetHints":{"allow":["GET"]}}],"collection":[{"href":"https:\/\/www.biblia.work\/noticias\/wp-json\/wp\/v2\/posts"}],"about":[{"href":"https:\/\/www.biblia.work\/noticias\/wp-json\/wp\/v2\/types\/post"}],"author":[{"embeddable":true,"href":"https:\/\/www.biblia.work\/noticias\/wp-json\/wp\/v2\/users\/1"}],"replies":[{"embeddable":true,"href":"https:\/\/www.biblia.work\/noticias\/wp-json\/wp\/v2\/comments?post=9053"}],"version-history":[{"count":0,"href":"https:\/\/www.biblia.work\/noticias\/wp-json\/wp\/v2\/posts\/9053\/revisions"}],"wp:attachment":[{"href":"https:\/\/www.biblia.work\/noticias\/wp-json\/wp\/v2\/media?parent=9053"}],"wp:term":[{"taxonomy":"category","embeddable":true,"href":"https:\/\/www.biblia.work\/noticias\/wp-json\/wp\/v2\/categories?post=9053"},{"taxonomy":"post_tag","embeddable":true,"href":"https:\/\/www.biblia.work\/noticias\/wp-json\/wp\/v2\/tags?post=9053"}],"curies":[{"name":"wp","href":"https:\/\/api.w.org\/{rel}","templated":true}]}}