{"id":9061,"date":"2016-11-19T06:15:02","date_gmt":"2016-11-19T11:15:02","guid":{"rendered":"http:\/\/www.biblia.work\/noticias\/francisco-y-los-nuevos-cardenales-visitan-a-benedicto-xvi\/"},"modified":"2016-11-19T06:15:02","modified_gmt":"2016-11-19T11:15:02","slug":"francisco-y-los-nuevos-cardenales-visitan-a-benedicto-xvi","status":"publish","type":"post","link":"https:\/\/www.biblia.work\/noticias\/francisco-y-los-nuevos-cardenales-visitan-a-benedicto-xvi\/","title":{"rendered":"Francisco y los nuevos cardenales visitan a Benedicto XVI"},"content":{"rendered":"<p style=\"text-align: justify\"><span style=\"font-weight: 400\">(ZENIT &#8211; Ciudad del Vaticano).- El papa Francisco y los reci\u00e9n creados cardenales visitar\u00e1n al papa em\u00e9rito, Benedicto XVI, al finalizar el consistorio. Seg\u00fan ha informado esta misma ma\u00f1ana la oficina de prensa de la Santa Sede, despu\u00e9s de la celebraci\u00f3n, subir\u00e1n a dos autobuses para acudir al monasterio Mater Ecclesiae para visitar al papa em\u00e9rito.<\/span><\/p>\n<p style=\"text-align: justify\">El Santo Padre, en una ceremonia solemne, ha creado 17 nuevos cardenales para la Iglesia cat\u00f3lica. De este modo, han recibido la birreta cardenalicia, el anillo y la asignaci\u00f3n de t\u00edtulo o diacon\u00eda. Todos estaban presentes en la Bas\u00edlica Vaticana excepto el nuevo cardenal de Lesotho, Sebastian Koto Khoarai, que no ha podido viajar a Roma por motivos de edad.<\/p>\n<p><span class=\"et_bloom_bottom_trigger\"><\/span><\/p>\n<p><a href=\"https:\/\/es.zenit.org\/\" target=\"_blank\" rel=\"nofollow\">Fuente: es.zenit.org<\/a><\/p>\n","protected":false},"excerpt":{"rendered":"<p>(ZENIT &#8211; Ciudad del Vaticano).- El papa Francisco y los reci\u00e9n creados cardenales visitar\u00e1n al papa em\u00e9rito, Benedicto XVI, al finalizar el consistorio. Seg\u00fan ha informado esta misma ma\u00f1ana la oficina de prensa de la Santa Sede, despu\u00e9s de la celebraci\u00f3n, subir\u00e1n a dos autobuses para acudir al monasterio Mater Ecclesiae para visitar al papa &hellip; <a href=\"https:\/\/www.biblia.work\/noticias\/francisco-y-los-nuevos-cardenales-visitan-a-benedicto-xvi\/\" class=\"more-link\">Continuar leyendo<span class=\"screen-reader-text\"> \u00abFrancisco y los nuevos cardenales visitan a Benedicto XVI\u00bb<\/span><\/a><\/p>\n","protected":false},"author":1,"featured_media":0,"comment_status":"open","ping_status":"closed","sticky":false,"template":"","format":"standard","meta":{"footnotes":""},"categories":[1],"tags":[],"class_list":["post-9061","post","type-post","status-publish","format-standard","hentry","category-general"],"_links":{"self":[{"href":"https:\/\/www.biblia.work\/noticias\/wp-json\/wp\/v2\/posts\/9061","targetHints":{"allow":["GET"]}}],"collection":[{"href":"https:\/\/www.biblia.work\/noticias\/wp-json\/wp\/v2\/posts"}],"about":[{"href":"https:\/\/www.biblia.work\/noticias\/wp-json\/wp\/v2\/types\/post"}],"author":[{"embeddable":true,"href":"https:\/\/www.biblia.work\/noticias\/wp-json\/wp\/v2\/users\/1"}],"replies":[{"embeddable":true,"href":"https:\/\/www.biblia.work\/noticias\/wp-json\/wp\/v2\/comments?post=9061"}],"version-history":[{"count":0,"href":"https:\/\/www.biblia.work\/noticias\/wp-json\/wp\/v2\/posts\/9061\/revisions"}],"wp:attachment":[{"href":"https:\/\/www.biblia.work\/noticias\/wp-json\/wp\/v2\/media?parent=9061"}],"wp:term":[{"taxonomy":"category","embeddable":true,"href":"https:\/\/www.biblia.work\/noticias\/wp-json\/wp\/v2\/categories?post=9061"},{"taxonomy":"post_tag","embeddable":true,"href":"https:\/\/www.biblia.work\/noticias\/wp-json\/wp\/v2\/tags?post=9061"}],"curies":[{"name":"wp","href":"https:\/\/api.w.org\/{rel}","templated":true}]}}