{"id":9062,"date":"2016-11-19T06:15:02","date_gmt":"2016-11-19T11:15:02","guid":{"rendered":"http:\/\/www.biblia.work\/noticias\/el-papa-pide-a-los-nuevos-cardenales-que-amen-hagan-el-bien-bendigan-y-rueguen\/"},"modified":"2016-11-19T06:15:02","modified_gmt":"2016-11-19T11:15:02","slug":"el-papa-pide-a-los-nuevos-cardenales-que-amen-hagan-el-bien-bendigan-y-rueguen","status":"publish","type":"post","link":"https:\/\/www.biblia.work\/noticias\/el-papa-pide-a-los-nuevos-cardenales-que-amen-hagan-el-bien-bendigan-y-rueguen\/","title":{"rendered":"El Papa pide a los nuevos cardenales que \u201camen, hagan el bien, bendigan y rueguen\u201d"},"content":{"rendered":"<p style=\"text-align: justify\"><span style=\"font-weight: 400\">(ZENIT &#8211; Ciudad del Vaticano).- \u201cEl camino al cielo comienza en el llano, en la cotidianeidad de la vida partida y compartida, de una vida gastada y entregada\u201d. As\u00ed lo ha recordado el papa Francisco a los neo cardenales, en el consistorio que se ha celebrado esta ma\u00f1ana en <\/span><span style=\"font-weight: 400\">la Bas\u00edlica Vaticano, para la creaci\u00f3n de 17 nuevos cardenales. \u00a0En el rito del consistorio se realiza \u00a0la \u201cimposici\u00f3n de la birreta\u201d, \u201cla entrega del anillo\u201d y la \u201casignaci\u00f3n de t\u00edtulo o diacon\u00eda\u201d. \u00a0<\/span><\/p>\n<p style=\"text-align: justify\"><span style=\"font-weight: 400\">En la apertura de la celebraci\u00f3n, el nuncio en Siria, Mario Zenari, ha sido el encargado entre los nuevos cardenales de dirigir un saludo de agradecimiento al Santo Padre en nombre de todos. \u00a0<\/span><span style=\"font-weight: 400\">Por su parte, el Santo Padre ha asegurado en su discurso que \u00a0\u201cnuestra cumbre\u201d es \u201cesta calidad del amor\u201d, \u201cnuestra meta y deseo es buscar en la llanura de la vida, junto al Pueblo de Dios, transformarnos en personas capaces de perdo\u0301n y reconciliacio\u0301n\u201d.<\/span><\/p>\n<p style=\"text-align: justify\"><span style=\"font-weight: 400\">As\u00ed, el Pont\u00edfice ha dicho a los nuevos cardenales que \u00a0hoy se les pide \u201ccuidar en tu corazo\u0301n y en el de la Iglesia esta invitacio\u0301n a ser misericordioso como el Padre\u201d.<\/span> <span style=\"font-weight: 400\">Como Iglesia &#8211;ha subrayado el Papa&#8211; seguimos siendo invitados a abrir nuestros ojos para mirar las heridas de tantos hermanos y hermanas privados de su dignidad, privados en su dignidad\u201d.<\/span><\/p>\n<p style=\"text-align: justify\"><span style=\"font-weight: 400\">Adem\u00e1s, e<\/span><span style=\"font-weight: 400\">l Pont\u00edfice ha recordado que el <\/span><span style=\"font-weight: 400\">llamado de Jes\u00fas a los apo\u0301stoles va acompan\u0303ado de un \u201cponerse en marcha\u201d. En vez de mantenerlos en lo alto del monte, \u201clos lleva al corazo\u0301n de la multitud, los pone en medio de sus tormentos, en el llano de sus vidas\u201d. Una invitacio\u0301n &#8211;ha explicado&#8211; \u00a0acompan\u0303ada de cuatro imperativos que el Sen\u0303or les hace para plasmar su vocacio\u0301n en lo concreto, en lo cotidiano de la vida. Son \u201ccuatro etapas de la mistagogia de la misericordia\u201d: amen, hagan el bien, bendigan y rueguen. <\/span><\/p>\n<p style=\"text-align: justify\"><span style=\"font-weight: 400\">De este modo, el Santo Padre ha asegurado que estas cuatro acciones las realizamos f\u00e1cilmente con las personas cercanas en el afecto pero, el problema surge cuando Jesu\u0301s indica los destinarios de estas acciones: \u201camen a sus enemigos, hagan el bien a los que los odian, bendigan a los que los maldicen, rueguen por los que los difaman\u201d. \u00a0<\/span> <span style=\"font-weight: 400\">Por eso ha advertido que frente a los enemigos, \u201c<\/span><span style=\"font-weight: 400\">nuestra actitud primera e instintiva es descalificarlos, desautorizarlos, maldecirlos\u201d. <\/span><\/p>\n<p style=\"text-align: justify\"><span style=\"font-weight: 400\">En esta l\u00ednea, el Santo Padre ha querido subrayar que \u201cen el corazo\u0301n de Dios no hay enemigos, Dios tiene hijos\u201d. Nosotros &#8211;ha indicado&#8211; levantamos muros, construimos barreras y clasificamos a las personas. Sin embargo, \u201cel amor de Dios tiene sabor a fidelidad con las personas, porque es amor de entran\u0303as, un amor maternal\/paternal que no las deja abandonadas, incluso cuando se hayan equivocado\u201d. Adem\u00e1s, ha asegurado que \u201cel amor incondicional del Padre\u201d ha sido y es \u201cverdadera exigencia de conversio\u0301n para nuestro pobre corazo\u0301n que tiende a juzgar, dividir, oponer y condenar\u201d.<\/span><\/p>\n<p style=\"text-align: justify\"><span style=\"font-weight: 400\">El Pont\u00edfice tambi\u00e9n ha aprovechado para se\u00f1alar que vivimos en una \u00e9poca en la que \u00a0resurgen epide\u0301micamente \u201cla polarizacio\u0301n y la exclusio\u0301n como u\u0301nica forma posible de resolver los conflictos\u201d. Por eso ha advertido de que muchas veces se considera enemigo \u00a0a una persona \u201cpor venir de una tierra lejana o por tener otras costumbres\u201d, \u201cpor su color de piel, por su idioma o su condicio\u0301n social\u201d, \u201cpor pensar diferente e inclusive por tener otra fe\u201d. Y sin darnos cuenta &#8211;ha observado&#8211; esta lo\u0301gica se instala en nuestra forma de vivir, de actuar y proceder. <\/span><\/p>\n<p style=\"text-align: justify\"><span style=\"font-weight: 400\">En esta misma l\u00ednea, ha observado cu\u00e1ntas situaciones de precariedad y sufrimiento \u201cse siembran por este crecimiento de enemistad entre los pueblos, entre nosotros\u201d. Por eso, ha reconocido que \u201cel virus de la polarizacio\u0301n y la enemistad se nos cuela en nuestras formas de pensar, de sentir y de actuar\u201d. De este modo, \u201ctenemos que velar para que esta actitud no cope nuestro corazo\u0301n\u201d, porque iri\u0301a \u201ccontra la riqueza y la universalidad de la Iglesia\u201d que podemos palpar en este \u201cColegio Cardenalicio\u201d. <\/span><\/p>\n<p style=\"text-align: justify\"><span style=\"font-weight: 400\">A continuaci\u00f3n, el Pont\u00edfice lee la f\u00f3rmula de creaci\u00f3n y proclama solemnemente los nombres de los nuevos cardenales, anunciando el orden presbiteral o diaconal asignado. El rito prosigue con la profesi\u00f3n de fe de los nuevos cardenales delante del pueblo de Dios y el juramento de fe y obediencia al papa Francisco y sus sucesores. <\/span><\/p>\n<p style=\"text-align: justify\"><span style=\"font-weight: 400\">Los nuevos cardenales, seg\u00fan el orden de creaci\u00f3n, se arrodillan delante del Santo Padre que les impone el solideo y la birreta cardenalicia, entrega el anillo y asigna a cada uno iglesia de Roma \u201ccomo signo de participaci\u00f3n a la preocupaci\u00f3n pastoral del Papa\u201d en la ciudad. Finalmente, despu\u00e9s de la entrega de la Bula de creaci\u00f3n cardenalicia y de asignaci\u00f3n del T\u00edtulo o de la Diacon\u00eda, el Santo Padre intercambia con cada nuevo cardenal el abrazo de paz. <\/span><\/p>\n<p><span class=\"et_bloom_bottom_trigger\"><\/span><\/p>\n<p><a href=\"https:\/\/es.zenit.org\/\" target=\"_blank\" rel=\"nofollow\">Fuente: es.zenit.org<\/a><\/p>\n","protected":false},"excerpt":{"rendered":"<p>(ZENIT &#8211; Ciudad del Vaticano).- \u201cEl camino al cielo comienza en el llano, en la cotidianeidad de la vida partida y compartida, de una vida gastada y entregada\u201d. As\u00ed lo ha recordado el papa Francisco a los neo cardenales, en el consistorio que se ha celebrado esta ma\u00f1ana en la Bas\u00edlica Vaticano, para la creaci\u00f3n &hellip; <a href=\"https:\/\/www.biblia.work\/noticias\/el-papa-pide-a-los-nuevos-cardenales-que-amen-hagan-el-bien-bendigan-y-rueguen\/\" class=\"more-link\">Continuar leyendo<span class=\"screen-reader-text\"> \u00abEl Papa pide a los nuevos cardenales que \u201camen, hagan el bien, bendigan y rueguen\u201d\u00bb<\/span><\/a><\/p>\n","protected":false},"author":1,"featured_media":0,"comment_status":"open","ping_status":"closed","sticky":false,"template":"","format":"standard","meta":{"footnotes":""},"categories":[1],"tags":[],"class_list":["post-9062","post","type-post","status-publish","format-standard","hentry","category-general"],"_links":{"self":[{"href":"https:\/\/www.biblia.work\/noticias\/wp-json\/wp\/v2\/posts\/9062","targetHints":{"allow":["GET"]}}],"collection":[{"href":"https:\/\/www.biblia.work\/noticias\/wp-json\/wp\/v2\/posts"}],"about":[{"href":"https:\/\/www.biblia.work\/noticias\/wp-json\/wp\/v2\/types\/post"}],"author":[{"embeddable":true,"href":"https:\/\/www.biblia.work\/noticias\/wp-json\/wp\/v2\/users\/1"}],"replies":[{"embeddable":true,"href":"https:\/\/www.biblia.work\/noticias\/wp-json\/wp\/v2\/comments?post=9062"}],"version-history":[{"count":0,"href":"https:\/\/www.biblia.work\/noticias\/wp-json\/wp\/v2\/posts\/9062\/revisions"}],"wp:attachment":[{"href":"https:\/\/www.biblia.work\/noticias\/wp-json\/wp\/v2\/media?parent=9062"}],"wp:term":[{"taxonomy":"category","embeddable":true,"href":"https:\/\/www.biblia.work\/noticias\/wp-json\/wp\/v2\/categories?post=9062"},{"taxonomy":"post_tag","embeddable":true,"href":"https:\/\/www.biblia.work\/noticias\/wp-json\/wp\/v2\/tags?post=9062"}],"curies":[{"name":"wp","href":"https:\/\/api.w.org\/{rel}","templated":true}]}}