{"id":9071,"date":"2016-11-19T14:40:05","date_gmt":"2016-11-19T19:40:05","guid":{"rendered":"http:\/\/www.biblia.work\/noticias\/peregrino-de-la-ultima-hora-afirma-que-la-misericordia-no-se-agoto-y-ahora-se-derramara-desde-los-corazones\/"},"modified":"2016-11-19T14:40:05","modified_gmt":"2016-11-19T19:40:05","slug":"peregrino-de-la-ultima-hora-afirma-que-la-misericordia-no-se-agoto-y-ahora-se-derramara-desde-los-corazones","status":"publish","type":"post","link":"https:\/\/www.biblia.work\/noticias\/peregrino-de-la-ultima-hora-afirma-que-la-misericordia-no-se-agoto-y-ahora-se-derramara-desde-los-corazones\/","title":{"rendered":"Peregrino de la \u00faltima hora afirma que la misericordia no se agot\u00f3 y ahora se derramar\u00e1 desde los corazones"},"content":{"rendered":"<p> <img src='http:\/\/media02.radiovaticana.va\/photo\/2016\/07\/31\/ANSA1047748_Thumbnail.jpg' alt='' align='left' hspace='5'> <\/p>\n<p><span><br \/>\n<audio class=\"video-js vjs-default-skin vjs-big-play-button-centered rv-custom-audio\" controls=\"\" id=\"audioItem_8914428\" preload=\"none\"><\/audio><br \/>\n<span class=\"rv-audio-download\"><a href=\"http:\/\/media02.radiovaticana.va\/audio\/audio2\/mp3\/00558326.mp3\" title=\"Download audio\"><img decoding=\"async\" src=\"http:\/\/es.radiovaticana.va\/Modules\/Presentation\/Styles\/images-common\/icons\/download-audio-mp3_off.png\" style=\"height: 30px\" \/><\/a><\/span> <\/span><\/p>\n<p>(RV).- Hemos peregrinado durante el Jubileo de la Misericordia y, durante este tiempo vivimos las obras de misericordia como un camino para apreciar a &ldquo;Jesucristo, el rostro de la misericordia del Padre&rdquo;, en cada hermano que hemos abrazado con los sentimientos de Cristo. &nbsp;<\/p>\n<p>Y como ha recordado el Papa Francisco en la &uacute;ltima catequesis de este jubileo: &ldquo;no se cierra el coraz&oacute;n misericordioso de Dios, no se apaga su ternura para con nosotros pecadores, no cesan de brotar los r&iacute;os de su gracia. Del mismo modo, nunca se pueden cerrar nuestros corazones y no podemos dejar de cumplir nuestras obras de misericordia hacia los necesitados. Que la experiencia de la misericordia de Dios, que hemos vivido en este a&ntilde;o jubilar permanezca en ustedes como inspiraci&oacute;n de la caridad hacia el pr&oacute;jimo&rdquo;.<\/p>\n<p>El coraz&oacute;n de Dios est&aacute; abierto por su misericordia, que nos sigue exigiendo un compromiso testimonial de su obra redentora en el mundo. Somos llamados&nbsp; a ser testigos de la misericordia, este llamado no cesa con el jubileo. Por el contrario se abre la oportunidad de compartir los frutos de aquello que la misericordia ha hecho en nosotros.<\/p>\n<p>Al reconocer a Jesucristo Rey del Universo, de nuestra vida, entramos por la Puerta Santa que nos conduce al coraz&oacute;n del cual brota paz y misericordia. Permanezcamos en el coraz&oacute;n de Cristo, amando y sirviendo como &Eacute;l mismo lo hace con nosotros.<\/p>\n<p>Al finalizar el Jubileo de la Misericordia &ldquo;tendremos ante todo sentimientos de gratitud y de reconocimiento hacia la Sant&iacute;sima Trinidad por habernos concedido un tiempo extraordinario de gracia &ndash;expres&oacute; el Santo Padre-. Encomendaremos la vida de la Iglesia, la humanidad entera y el inmenso cosmos a la Se&ntilde;or&iacute;a de Cristo, esperando que derrame su misericordia como el roc&iacute;o de la ma&ntilde;ana para una fecunda historia, todav&iacute;a por construir con el compromiso de todos en el pr&oacute;ximo futuro&rdquo; (MV 5).<\/p>\n<p>La misericordia de Dios no se termina, guiados por el amor de su Santo Esp&iacute;ritu somos llamados a continuar la tarea de anunciadores y testigos de un coraz&oacute;n misericordioso que permanece abierto para cobijar a cuantos arrepentidos buscan Dios.<\/p>\n<p>Pbro. Johan Pacheco para RADIO VATICANA.<\/p>\n<p>@padrejohan&nbsp;<\/p>\n<p><a href=\"http:\/\/es.radiovaticana.va\" target=\"_blank\" rel=\"nofollow\">Fuente: es.radiovaticana.va<\/a><\/p>\n","protected":false},"excerpt":{"rendered":"<p>(RV).- Hemos peregrinado durante el Jubileo de la Misericordia y, durante este tiempo vivimos las obras de misericordia como un camino para apreciar a &ldquo;Jesucristo, el rostro de la misericordia del Padre&rdquo;, en cada hermano que hemos abrazado con los sentimientos de Cristo. &nbsp; Y como ha recordado el Papa Francisco en la &uacute;ltima catequesis &hellip; <a href=\"https:\/\/www.biblia.work\/noticias\/peregrino-de-la-ultima-hora-afirma-que-la-misericordia-no-se-agoto-y-ahora-se-derramara-desde-los-corazones\/\" class=\"more-link\">Continuar leyendo<span class=\"screen-reader-text\"> \u00abPeregrino de la \u00faltima hora afirma que la misericordia no se agot\u00f3 y ahora se derramar\u00e1 desde los corazones\u00bb<\/span><\/a><\/p>\n","protected":false},"author":1,"featured_media":0,"comment_status":"open","ping_status":"closed","sticky":false,"template":"","format":"standard","meta":{"footnotes":""},"categories":[1],"tags":[],"class_list":["post-9071","post","type-post","status-publish","format-standard","hentry","category-general"],"_links":{"self":[{"href":"https:\/\/www.biblia.work\/noticias\/wp-json\/wp\/v2\/posts\/9071","targetHints":{"allow":["GET"]}}],"collection":[{"href":"https:\/\/www.biblia.work\/noticias\/wp-json\/wp\/v2\/posts"}],"about":[{"href":"https:\/\/www.biblia.work\/noticias\/wp-json\/wp\/v2\/types\/post"}],"author":[{"embeddable":true,"href":"https:\/\/www.biblia.work\/noticias\/wp-json\/wp\/v2\/users\/1"}],"replies":[{"embeddable":true,"href":"https:\/\/www.biblia.work\/noticias\/wp-json\/wp\/v2\/comments?post=9071"}],"version-history":[{"count":0,"href":"https:\/\/www.biblia.work\/noticias\/wp-json\/wp\/v2\/posts\/9071\/revisions"}],"wp:attachment":[{"href":"https:\/\/www.biblia.work\/noticias\/wp-json\/wp\/v2\/media?parent=9071"}],"wp:term":[{"taxonomy":"category","embeddable":true,"href":"https:\/\/www.biblia.work\/noticias\/wp-json\/wp\/v2\/categories?post=9071"},{"taxonomy":"post_tag","embeddable":true,"href":"https:\/\/www.biblia.work\/noticias\/wp-json\/wp\/v2\/tags?post=9071"}],"curies":[{"name":"wp","href":"https:\/\/api.w.org\/{rel}","templated":true}]}}