{"id":9076,"date":"2016-11-19T16:15:02","date_gmt":"2016-11-19T21:15:02","guid":{"rendered":"http:\/\/www.biblia.work\/noticias\/los-nuevos-cardenales-reciben-el-carino-de-los-fieles\/"},"modified":"2016-11-19T16:15:02","modified_gmt":"2016-11-19T21:15:02","slug":"los-nuevos-cardenales-reciben-el-carino-de-los-fieles","status":"publish","type":"post","link":"https:\/\/www.biblia.work\/noticias\/los-nuevos-cardenales-reciben-el-carino-de-los-fieles\/","title":{"rendered":"Los nuevos cardenales reciben el cari\u00f1o de los fieles"},"content":{"rendered":"<p style=\"text-align: justify\">(ZENIT &#8211; Ciudad del Vaticano).-\u00a0<span style=\"font-weight: 400\">La Iglesia cat\u00f3lica cuenta desde esta ma\u00f1ana con 17 nuevos cardenales, procedentes de distintos rincones del mundo. De esta forma, se han unido hoy colegio cardenalicio cardenales de M\u00e9xico, Venezuela, Espa\u00f1a, Italia, Rep\u00fablica Centroafricana, Brasil, Estados Unidos, B\u00e9lgica, Islas Mauricio, Pap\u00faa Nueva Guinea, Malasia, Lesotho y Albania. Y todos, menos el procedente de Lesotho que no ha acudido a Roma por razones de edad, han recibido el abrazo y calor de sus fieles en la tradicional visita de cortes\u00eda que ha tenido lugar por la tarde en el Aula Pablo VI. <\/span><\/p>\n<p style=\"text-align: justify\"><span style=\"font-weight: 400\">La emoci\u00f3n se sent\u00eda en la gran multitud de personas, muchos residentes en Roma y muchos otros que han viajado hasta la ciudad eterna acompa\u00f1ando a sus cardenales. No importaba esperar largas filas, ya que \u201cel reba\u00f1o\u201d quer\u00eda abrazar a su \u201cpastor\u201d. <\/span><\/p>\n<p style=\"text-align: justify\"><span style=\"font-weight: 400\">El arzobispo de Madrid, el cardenal Carlos Osoro, ha contado a los medios que el Papa le ha alentado a \u201cseguir adelante\u201d y \u201cque d\u00e9 mi vida para la Iglesia\u201d. Mientras que del encuentro con Benedicto XVI lo ha definido como \u201centra\u00f1able\u201d y de \u00e9l dice que es \u201cun hombre de Dios\u201d. Del mismo modo reconoce que ha sido \u201centra\u00f1able\u201d ver a los dos Papas juntos. <\/span><\/p>\n<p style=\"text-align: justify\"><span style=\"font-weight: 400\">Tambi\u00e9n el cardenal Baltazar Enrique Porras Cardozo, arzobispo de Me\u0301rida, Venezuela, ha comentado con la prensa sus impresiones sobre lo vivido en la jornada. \u201cDesde que llegu\u00e9 tuve oportunidad de conversar con el Santo Padre sobre todo su inter\u00e9s por la Iglesia universal, por la paz en el mundo y tambi\u00e9n sobre la situaci\u00f3n de Venezuela\u201d, ha explicado. Asimismo, recuerda c\u00f3mo el Papa les habl\u00f3 de la misericordia, y \u201cen la clausura del A\u00f1o Jubilar seguro insiste nuevamente\u201d en \u201cla necesidad de perd\u00f3n, de darlo y recibirlo, para que podamos tener un mundo m\u00e1s fraterno, un mundo en paz y un mundo en el que solo hablando, solo dialogando, solo entendi\u00e9ndose la gente entre s\u00ed, pensando en las necesidades de las personas y no otro tipo de intereses, es c\u00f3mo podemos ofrecer tambi\u00e9n desde la Iglesia y la fe esa esperanza que se difumina tanto en medio de los problemas que existen en el mundo\u201d. Respecto al encuentro con el papa em\u00e9rito, ha asegurado que fue \u201cmuy cordial y sincero\u201d. Adem\u00e1s reconoce que fue un \u201cgesto muy bello\u201d por parte de Benedicto XVI. Todos pudieron saludarlo, cuenta, a la vez que\u00a0explica que aunque tiene ciertas dificultades de tipo motrices, la cabeza la tiene \u201cmuy buena\u201d. El ejemplo del papa Benedicto XVI y los gestos de cercan\u00eda y amistad de Francisco hacia \u00e9l &#8211;ha subrayado&#8211; son un ejemplo para todos. Finalmente, el nuevo cardenal cuenta que Benedicto XVI le dijo que \u201cest\u00e1 rezando mucho por Venezuela\u201d. <\/span><\/p>\n<p style=\"text-align: justify\"><span style=\"font-weight: 400\">Y para acompa\u00f1ar a los nuevos purpurados, tambi\u00e9n han acudido muchos cardenales que llevan ya tiempo cumpliendo esta misi\u00f3n. As\u00ed, el cardenal O\u2019Malley, arzobispo de Boston, ha recordado que el Papa \u201csiempre nos habla de ir a las periferias\u201d y eso es lo que ha hecho, por ejemplo, haciendo cardenal a un obispo de Pap\u00faa Nueva Guinea, un sitio del que \u201cmucha gente no sabe de su existencia\u201d. Por eso, precisa, \u201ctener un cardenal all\u00ed es un indicio de la visi\u00f3n del Santo Padre sobre la universalidad y la catolicidad por la Iglesia\u201d. <\/span><\/p>\n<p style=\"text-align: justify\"><span style=\"font-weight: 400\">Respecto al A\u00f1o Jubilar que concluye este domingo, el arzobispo de Boston tambi\u00e9n asegura que \u201ces el A\u00f1o Santo m\u00e1s exitoso que he experimentado\u201d. Ha tocado las vidas de \u00a0todo el mundo &#8211;ha asegurado&#8211;, miles de personas han vuelto a los sacramentos y han aprendido a practicar la misericordia, perdonarse mutuamente\u201d. Realmente, ha afirmado, ha sido un exitazo espiritual. <\/span><\/p>\n<p style=\"text-align: justify\"><span style=\"font-weight: 400\">Otro cardenal que se ha acercado hasta el Aula Pablo VI es el cardenal Juan Luis Cipriani, arzobispo de Lima. \u00a0\u201cEs una gran alegr\u00eda siempre encontrarnos tan unidos nosotros con la cabeza, con el Papa\u201d, ha se\u00f1alado conversando con la prensa. Respecto al A\u00f1o Jubilar insiste en que ha sido una \u201cdecisi\u00f3n prof\u00e9tica&#8221; del Papa y as\u00ed es que &#8220;Dios se lo ha inspirado\u201d. Es \u201cel comienzo m\u00e1s que el final\u201d, porque ahora &#8220;dar\u00e1 muchos frutos&#8221;. Caminaremos &#8211;ha concluido&#8211; en ese \u00e1mbito de la misericordia en un mundo que est\u00e1 fr\u00edo y enfrentado. <\/span><\/p>\n<p><span class=\"et_bloom_bottom_trigger\"><\/span><\/p>\n<p><a href=\"https:\/\/es.zenit.org\/\" target=\"_blank\" rel=\"nofollow\">Fuente: es.zenit.org<\/a><\/p>\n","protected":false},"excerpt":{"rendered":"<p>(ZENIT &#8211; Ciudad del Vaticano).-\u00a0La Iglesia cat\u00f3lica cuenta desde esta ma\u00f1ana con 17 nuevos cardenales, procedentes de distintos rincones del mundo. De esta forma, se han unido hoy colegio cardenalicio cardenales de M\u00e9xico, Venezuela, Espa\u00f1a, Italia, Rep\u00fablica Centroafricana, Brasil, Estados Unidos, B\u00e9lgica, Islas Mauricio, Pap\u00faa Nueva Guinea, Malasia, Lesotho y Albania. Y todos, menos el &hellip; <a href=\"https:\/\/www.biblia.work\/noticias\/los-nuevos-cardenales-reciben-el-carino-de-los-fieles\/\" class=\"more-link\">Continuar leyendo<span class=\"screen-reader-text\"> \u00abLos nuevos cardenales reciben el cari\u00f1o de los fieles\u00bb<\/span><\/a><\/p>\n","protected":false},"author":1,"featured_media":0,"comment_status":"open","ping_status":"closed","sticky":false,"template":"","format":"standard","meta":{"footnotes":""},"categories":[1],"tags":[],"class_list":["post-9076","post","type-post","status-publish","format-standard","hentry","category-general"],"_links":{"self":[{"href":"https:\/\/www.biblia.work\/noticias\/wp-json\/wp\/v2\/posts\/9076","targetHints":{"allow":["GET"]}}],"collection":[{"href":"https:\/\/www.biblia.work\/noticias\/wp-json\/wp\/v2\/posts"}],"about":[{"href":"https:\/\/www.biblia.work\/noticias\/wp-json\/wp\/v2\/types\/post"}],"author":[{"embeddable":true,"href":"https:\/\/www.biblia.work\/noticias\/wp-json\/wp\/v2\/users\/1"}],"replies":[{"embeddable":true,"href":"https:\/\/www.biblia.work\/noticias\/wp-json\/wp\/v2\/comments?post=9076"}],"version-history":[{"count":0,"href":"https:\/\/www.biblia.work\/noticias\/wp-json\/wp\/v2\/posts\/9076\/revisions"}],"wp:attachment":[{"href":"https:\/\/www.biblia.work\/noticias\/wp-json\/wp\/v2\/media?parent=9076"}],"wp:term":[{"taxonomy":"category","embeddable":true,"href":"https:\/\/www.biblia.work\/noticias\/wp-json\/wp\/v2\/categories?post=9076"},{"taxonomy":"post_tag","embeddable":true,"href":"https:\/\/www.biblia.work\/noticias\/wp-json\/wp\/v2\/tags?post=9076"}],"curies":[{"name":"wp","href":"https:\/\/api.w.org\/{rel}","templated":true}]}}