{"id":9080,"date":"2016-11-19T18:05:02","date_gmt":"2016-11-19T23:05:02","guid":{"rendered":"http:\/\/www.biblia.work\/noticias\/este-es-el-gran-desafio-de-mexico-segun-su-nuevo-cardenal\/"},"modified":"2016-11-19T18:05:02","modified_gmt":"2016-11-19T23:05:02","slug":"este-es-el-gran-desafio-de-mexico-segun-su-nuevo-cardenal","status":"publish","type":"post","link":"https:\/\/www.biblia.work\/noticias\/este-es-el-gran-desafio-de-mexico-segun-su-nuevo-cardenal\/","title":{"rendered":"Este es el gran desaf\u00edo de M\u00e9xico seg\u00fan su nuevo Cardenal"},"content":{"rendered":"<p> VATICANO, 19 Nov. 16 (ACI).-<br \/>\n\tEl Arzobispo de Tlalnepantla en M&eacute;xico, Cardenal Carlos Aguiar Retes, es uno de los 17 nuevos cardenales creados por el Papa Francisco en el Consistorio de este s&aacute;bado 19 de noviembre.<\/p>\n<p style=\"text-align: justify\">\n\tEl nuevo Purpurado explic&oacute; que, en su opini&oacute;n, &ldquo;el gran desaf&iacute;o que tiene M&eacute;xico es poder superar el divorcio entre la fe y la vida, que hagamos cat&oacute;licos que conforme a sus condiciones y la ense&ntilde;anza de Jesucristo puedan transmitir en sus trabajos, en su profesi&oacute;n, la consecuencia de creer en Dios&rdquo;.<\/p>\n<p style=\"text-align: justify\">\n\t&ldquo;Cuando tenemos esa convicci&oacute;n bien formada sabemos que el Reino de Dios es justicia, amor y paz&rdquo;, y con eso se puede hacer frente al &ldquo;grave deterioro&rdquo; del tejido social y las instituciones que se observa actualmente en M&eacute;xico.<\/p>\n<p style=\"text-align: justify\">\n\tEn entrevista concedida a Radio Vaticano, el Arzobispo dijo que ante esta situaci&oacute;n &ldquo;la Iglesia tiene que dar testimonio para construir, edificar; no para dividir ni polarizar, una Iglesia de di&aacute;logo que permita la comuni&oacute;n y la unidad, no solo entre los creyentes o quienes formamos la Iglesia Cat&oacute;lica&rdquo;.<\/p>\n<p style=\"text-align: justify\">\n\tEl Expresidente del CELAM resalt&oacute; tambi&eacute;n la importancia de que &ldquo;sepamos vivir hacia el interior de la Iglesia como pide el Papa Francisco, que seamos una Iglesia en salida que vaya por los distantes y alejados, que vaya, salga y que encuentre a quien la necesite&rdquo;.<\/p>\n<p style=\"text-align: justify\">\n\tSobre su reacci&oacute;n al saber que el Santo Padre lo eligi&oacute; para ser cardenal, el Purpurado mexicano dijo que &ldquo;fue una muy grata sorpresa que me inund&oacute; de alegr&iacute;a y gratitud, &nbsp;Dios y al Papa Francisco, con quien hemos trabajado juntos como en la V Conferencia del Episcopado Latinoamericano y el Caribe&rdquo; en la ciudad brasile&ntilde;a de Aparecida en 2007.<\/p>\n<p style=\"text-align: justify\">\n\t&ldquo;Es una emotividad muy fuerte, no se puede describir lo que se vive interiormente cuando uno es llamado para colaborar directamente con la cabeza de la Iglesia, con el sucesor de Pedro&rdquo;, coment&oacute;.<\/p>\n<p style=\"text-align: justify\">\n\tOtro de los desaf&iacute;os actuales en M&eacute;xico, dijo, es que &ldquo;hay una gran sed de Dios, el ser humano no se siente feliz, vive en la tendencia del individualismo y del placer por el placer. El aumento de suicidios entre los j&oacute;venes es muestra de esa insatisfacci&oacute;n&rdquo;.<\/p>\n<p style=\"text-align: justify\">\n\tPor ello, dijo, &ldquo;tenemos que generar ese encuentro a partir de la fe que nos consolide como hermanos y nos ayude a abrir las puertas a todo ser humano&rdquo;.<\/p>\n<p style=\"text-align: justify\">\n\tTambi&eacute;n te puede interesar:<\/p>\n<p style=\"text-align: justify\">\n\t\tCardenal Urosa: Estamos muy agradecidos por el amor del Papa Francisco por Venezuela https:\/\/t.co\/uF9Ciwe085<\/p>\n<p>\t&mdash; ACI Prensa (@aciprensa) 19 de noviembre de 2016<\/p>\n","protected":false},"excerpt":{"rendered":"<p>VATICANO, 19 Nov. 16 (ACI).- El Arzobispo de Tlalnepantla en M&eacute;xico, Cardenal Carlos Aguiar Retes, es uno de los 17 nuevos cardenales creados por el Papa Francisco en el Consistorio de este s&aacute;bado 19 de noviembre. El nuevo Purpurado explic&oacute; que, en su opini&oacute;n, &ldquo;el gran desaf&iacute;o que tiene M&eacute;xico es poder superar el divorcio &hellip; <a href=\"https:\/\/www.biblia.work\/noticias\/este-es-el-gran-desafio-de-mexico-segun-su-nuevo-cardenal\/\" class=\"more-link\">Continuar leyendo<span class=\"screen-reader-text\"> \u00abEste es el gran desaf\u00edo de M\u00e9xico seg\u00fan su nuevo Cardenal\u00bb<\/span><\/a><\/p>\n","protected":false},"author":1,"featured_media":0,"comment_status":"open","ping_status":"closed","sticky":false,"template":"","format":"standard","meta":{"footnotes":""},"categories":[1],"tags":[],"class_list":["post-9080","post","type-post","status-publish","format-standard","hentry","category-general"],"_links":{"self":[{"href":"https:\/\/www.biblia.work\/noticias\/wp-json\/wp\/v2\/posts\/9080","targetHints":{"allow":["GET"]}}],"collection":[{"href":"https:\/\/www.biblia.work\/noticias\/wp-json\/wp\/v2\/posts"}],"about":[{"href":"https:\/\/www.biblia.work\/noticias\/wp-json\/wp\/v2\/types\/post"}],"author":[{"embeddable":true,"href":"https:\/\/www.biblia.work\/noticias\/wp-json\/wp\/v2\/users\/1"}],"replies":[{"embeddable":true,"href":"https:\/\/www.biblia.work\/noticias\/wp-json\/wp\/v2\/comments?post=9080"}],"version-history":[{"count":0,"href":"https:\/\/www.biblia.work\/noticias\/wp-json\/wp\/v2\/posts\/9080\/revisions"}],"wp:attachment":[{"href":"https:\/\/www.biblia.work\/noticias\/wp-json\/wp\/v2\/media?parent=9080"}],"wp:term":[{"taxonomy":"category","embeddable":true,"href":"https:\/\/www.biblia.work\/noticias\/wp-json\/wp\/v2\/categories?post=9080"},{"taxonomy":"post_tag","embeddable":true,"href":"https:\/\/www.biblia.work\/noticias\/wp-json\/wp\/v2\/tags?post=9080"}],"curies":[{"name":"wp","href":"https:\/\/api.w.org\/{rel}","templated":true}]}}