{"id":9082,"date":"2016-11-20T03:15:02","date_gmt":"2016-11-20T08:15:02","guid":{"rendered":"http:\/\/www.biblia.work\/noticias\/beata-maria-de-jesus-el-buen-pastor-franciszka-siedliska-21-de-noviembre\/"},"modified":"2016-11-20T03:15:02","modified_gmt":"2016-11-20T08:15:02","slug":"beata-maria-de-jesus-el-buen-pastor-franciszka-siedliska-21-de-noviembre","status":"publish","type":"post","link":"https:\/\/www.biblia.work\/noticias\/beata-maria-de-jesus-el-buen-pastor-franciszka-siedliska-21-de-noviembre\/","title":{"rendered":"Beata Mar\u00eda de Jes\u00fas, el Buen Pastor (Franciszka Siedliska) \u2013 21 de noviembre"},"content":{"rendered":"<p style=\"text-align: justify\">(ZENIT &#8211; Madrid).-\u00a0<span lang=\"\">Hoy, festividad de la Presentaci\u00f3n de la Virgen Mar\u00eda, la Iglesia tambi\u00e9n celebra la vida de Franciszka Anna J\u00f3zef. Naci\u00f3 el 12 de noviembre de 1842 en el castillo polaco de Roszkowa Wola, lugar cercano a Varsovia. Era la primog\u00e9nita del matrimonio de terratenientes compuesto por Adolf Siedliska y Cecilia Mariana Morawska. Los Siedliska ten\u00edan lazos de parentesco con arist\u00f3cratas polacos que se hallaban en la zona rusa. El abuelo materno de la beata era ministro de finanzas.<\/span><\/p>\n<p style=\"text-align: justify\"><span lang=\"\">El ambiente que rode\u00f3 su infancia, tal como le ocurri\u00f3 a la mayor\u00eda de sus contempor\u00e1neos, ced\u00eda al influjo de las ideolog\u00edas pol\u00edticas del momento. El aire que se respiraba en su hogar estaba te\u00f1ido por un cierto liberalismo en el que la fe ocupaba un papel muy secundario. Ella y su hermano Adam simplemente recibieron la educaci\u00f3n que correspond\u00eda a su alcurnia. Sin embargo, Franciszka no era ajena al hecho religioso. Su institutriz le hab\u00eda familiarizado con la oraci\u00f3n, y de alguna forma fue su gu\u00eda hasta que se produjo su muerte. Con esta sensibilidad espiritual en carne viva, cuando ten\u00eda 9 a\u00f1os al ver a su madre gravemente enferma no dud\u00f3 en solicitar insistentemente la gracia de su curaci\u00f3n a la Virgen de Czestochowa. Y poco tiempo despu\u00e9s, en 1854, tuvo la fortuna de tomar contacto con el padre Leander Lendzian, un capuchino lituano que resid\u00eda en Varsovia, ciudad en la que Cecilia se encontraba en periodo de restablecimiento, residiendo en casa de sus padres. <\/span><\/p>\n<p style=\"text-align: justify\"><span lang=\"\">Este religioso, que tuvo gran influencia en la vida de Franciszka (fue su director espiritual hasta 1879), la prepar\u00f3 para recibir los sacramentos de la comuni\u00f3n y la confirmaci\u00f3n, momento en que decidi\u00f3 consagrarse. La noticia cay\u00f3 como un jarro de agua fr\u00eda en el hogar de los Siedliska; sus padres ten\u00edan planes diametralmente opuestos a los suyos. En particular, su progenitor no le daba otra alternativa que la de contraer matrimonio con una persona de similar posici\u00f3n. Aparentemente la joven se plegaba a su voluntad; les acompa\u00f1\u00f3 en un largo viaje por Europa en el transcurso del cual se perfilaron claramente los puntos de vista de uno y de otra. Adolf, su padre, insisti\u00f3 hasta la saciedad en la tesis del ventajoso matrimonio, y ella, que hab\u00eda heredado su fuerte car\u00e1cter, replic\u00f3 mostrando su f\u00e9rrea decisi\u00f3n de seguir a Cristo. <\/span><\/p>\n<p style=\"text-align: justify\"><span lang=\"\">Tanta carga de tensi\u00f3n emocional termin\u00f3 por afectarle a su madre y a ella. En su caso se temi\u00f3 que hubiera podido contraer la tuberculosis. Mientras visitaban m\u00e9dicos afamados y recib\u00eda tratamientos en balnearios de Alemania, Austria, Francia y Suiza, hubo una insurrecci\u00f3n que oblig\u00f3 a su padre a dejar Polonia. Fue el momento de la conversi\u00f3n de la beata. Su hermano Adam falleci\u00f3 en 1860, parece que a consecuencia de un accidente. Cuatro a\u00f1os m\u00e1s tarde, hall\u00e1ndose en Cannes a la espera de que su padre la autorizara a ingresar en la vida religiosa, Franciszka privadamente consagr\u00f3 a Cristo su castidad. Cuando pudieron regresar a su domicilio se comprometi\u00f3 como terciaria franciscana. Adolf muri\u00f3 en 1870 y ella ten\u00eda v\u00eda libre para materializar su consagraci\u00f3n, alentada por Lendzian. Nuevo veto, en este caso debido a su precaria salud, le impidi\u00f3 dar el paso que anhelaba. En abril de 1873 por sugerencia de este capuchino, que ve\u00eda clara la voluntad de Dios sobre ella, inici\u00f3 la fundaci\u00f3n de la Congregaci\u00f3n de las Hermanas de la Sagrada Familia. <\/span><\/p>\n<p style=\"text-align: justify\"><span lang=\"\">Fue secundada por su madre y dos terciarias franciscanas de avanzada edad. Iniciaron una labor catequ\u00e9tica teniendo como centro de su consagraci\u00f3n la adoraci\u00f3n de Jes\u00fas Sacramentado. En oto\u00f1o, una vez que vio frustrados los intentos de poner en marcha la obra en Polonia y en Lourdes, contando con la ayuda del padre Piotr Semenenko, superior general de los resurreccionistas, viaj\u00f3 a Roma y recibi\u00f3 la bendici\u00f3n de P\u00edo IX, quien les dio v\u00eda libre para que pudieran establecerse all\u00ed. La fundaci\u00f3n vio la luz en 1875. El padre Semenenko contribuy\u00f3 tambi\u00e9n con su experiencia a la redacci\u00f3n de los estatutos. Ambos asist\u00edan a los emigrantes. El lema de Franciszka fue el fiat: \u00abh\u00e1gase tu voluntad\u00bb. La primera comunidad ten\u00eda como modelo a la Sagrada Familia, con un claro compromiso eclesial de uni\u00f3n con el Santo Padre y la determinaci\u00f3n a vivir la caridad que deb\u00eda plasmarse en la acci\u00f3n apost\u00f3lica. El padre Semenenko las asist\u00eda espiritualmente. <\/span><\/p>\n<p style=\"text-align: justify\"><span lang=\"\">En 1881 Franciszka fund\u00f3 en Cracovia, y tres a\u00f1os m\u00e1s tarde profes\u00f3 tomando el nombre de Mar\u00eda de Jes\u00fas, el Buen Pastor. Las religiosas se dedicaban a ense\u00f1ar el catecismo, preparando a los ni\u00f1os para recibir los sacramentos. Progresivamente fueron abriendo otros campos: la direcci\u00f3n de residencias e internados, el trabajo en escuelas, en el \u00e1mbito sanitario, ayuda a los emigrantes e incluso la acogida y crianza de ni\u00f1os de diversas nacionalidades, entre otras acciones. En 1885 se fund\u00f3 Chicago respondiendo a la petici\u00f3n de prelados y sacerdotes para que asistieran a compatriotas polacos. Cuando Franciszka muri\u00f3 el 21 de noviembre de 1902 a causa de una peritonitis, dejaba 28 casas extendidas por distintos pa\u00edses, entre ellos, adem\u00e1s de los Estados Unidos, las ciudades de Par\u00eds y Londres. Fue beatificada por Juan Pablo II el 23 de abril de 1989. En 1996 fue proclamada patrona de la misi\u00f3n cat\u00f3lica polaca en <\/span><span lang=\"es-ES\">Inglaterra y Gales.<\/span><\/p>\n<p><span class=\"et_bloom_bottom_trigger\"><\/span><\/p>\n<p><a href=\"https:\/\/es.zenit.org\/\" target=\"_blank\" rel=\"nofollow\">Fuente: es.zenit.org<\/a><\/p>\n","protected":false},"excerpt":{"rendered":"<p>(ZENIT &#8211; Madrid).-\u00a0Hoy, festividad de la Presentaci\u00f3n de la Virgen Mar\u00eda, la Iglesia tambi\u00e9n celebra la vida de Franciszka Anna J\u00f3zef. Naci\u00f3 el 12 de noviembre de 1842 en el castillo polaco de Roszkowa Wola, lugar cercano a Varsovia. Era la primog\u00e9nita del matrimonio de terratenientes compuesto por Adolf Siedliska y Cecilia Mariana Morawska. Los &hellip; <a href=\"https:\/\/www.biblia.work\/noticias\/beata-maria-de-jesus-el-buen-pastor-franciszka-siedliska-21-de-noviembre\/\" class=\"more-link\">Continuar leyendo<span class=\"screen-reader-text\"> \u00abBeata Mar\u00eda de Jes\u00fas, el Buen Pastor (Franciszka Siedliska) \u2013 21 de noviembre\u00bb<\/span><\/a><\/p>\n","protected":false},"author":1,"featured_media":0,"comment_status":"open","ping_status":"closed","sticky":false,"template":"","format":"standard","meta":{"footnotes":""},"categories":[1],"tags":[],"class_list":["post-9082","post","type-post","status-publish","format-standard","hentry","category-general"],"_links":{"self":[{"href":"https:\/\/www.biblia.work\/noticias\/wp-json\/wp\/v2\/posts\/9082","targetHints":{"allow":["GET"]}}],"collection":[{"href":"https:\/\/www.biblia.work\/noticias\/wp-json\/wp\/v2\/posts"}],"about":[{"href":"https:\/\/www.biblia.work\/noticias\/wp-json\/wp\/v2\/types\/post"}],"author":[{"embeddable":true,"href":"https:\/\/www.biblia.work\/noticias\/wp-json\/wp\/v2\/users\/1"}],"replies":[{"embeddable":true,"href":"https:\/\/www.biblia.work\/noticias\/wp-json\/wp\/v2\/comments?post=9082"}],"version-history":[{"count":0,"href":"https:\/\/www.biblia.work\/noticias\/wp-json\/wp\/v2\/posts\/9082\/revisions"}],"wp:attachment":[{"href":"https:\/\/www.biblia.work\/noticias\/wp-json\/wp\/v2\/media?parent=9082"}],"wp:term":[{"taxonomy":"category","embeddable":true,"href":"https:\/\/www.biblia.work\/noticias\/wp-json\/wp\/v2\/categories?post=9082"},{"taxonomy":"post_tag","embeddable":true,"href":"https:\/\/www.biblia.work\/noticias\/wp-json\/wp\/v2\/tags?post=9082"}],"curies":[{"name":"wp","href":"https:\/\/api.w.org\/{rel}","templated":true}]}}