{"id":9083,"date":"2016-11-20T04:15:02","date_gmt":"2016-11-20T09:15:02","guid":{"rendered":"http:\/\/www.biblia.work\/noticias\/los-inmigrantes-ecuatorianos-en-espana-festejan-en-torreciudad-a-la-virgen-del-quinche\/"},"modified":"2016-11-20T04:15:02","modified_gmt":"2016-11-20T09:15:02","slug":"los-inmigrantes-ecuatorianos-en-espana-festejan-en-torreciudad-a-la-virgen-del-quinche","status":"publish","type":"post","link":"https:\/\/www.biblia.work\/noticias\/los-inmigrantes-ecuatorianos-en-espana-festejan-en-torreciudad-a-la-virgen-del-quinche\/","title":{"rendered":"Los inmigrantes ecuatorianos en Espa\u00f1a festejan en Torreciudad a la Virgen del Quinche"},"content":{"rendered":"<p style=\"text-align: justify\">&nbsp;<\/p>\n<p align=\"JUSTIFY\"><span style=\"font-size: small\">(ZENIT &#8211; Roma).-\u00a0Unos\u00a0<\/span><span style=\"font-size: small\">tres mil peregrinos procedentes de Catalu\u00f1a, Arag\u00f3n, Madrid, Navarra, La Rioja y Valencia han celebrado este s\u00e1bado\u00a0en Torreciudad la 12\u00aa edici\u00f3n de la Fiesta de la Virgen del Quinche, Patrona de Quito. <\/span><\/p>\n<p align=\"JUSTIFY\"><span style=\"font-size: small\">Lo inform\u00f3 la oficina de prensa delSantuario, precisando que el evento se ha realizado en\u00a0el\u00a0s\u00e1bado m\u00e1s cercano a su festividad que es el 21 de noviembre. Familias de inmigrantes ecuatorianos acuden cada a\u00f1o desde el 2004 a participar en esta fiesta popular que acoge el santuario. <\/span><\/p>\n<p align=\"JUSTIFY\"><span style=\"font-size: small\">Tradiciones religiosas y culturales muy arraigadas en torno a esta advocaci\u00f3n mariana se reviven con gran devoci\u00f3n, como la conocida \u201ccaminata\u201d que en la capital ecuatoriana lleva durante toda la noche a los peregrinos a pie hasta el santuario del Quinche.<\/span><\/p>\n<p align=\"JUSTIFY\"><span style=\"font-size: small\">El encuentro ha dado comienzo por\u00a0la ma\u00f1ana con una particular \u201ccaminata\u201d realizada por los participantes desde el Crucero, un kil\u00f3metro antes de llegar a Torreciudad. La procesi\u00f3n acompa\u00f1aba a la imagen de la Virgen que ha sido llevada en andas con p\u00e9talos de flores arrojados a su paso y diversos cantos marianos entonados por los fieles. <\/span><\/p>\n<p align=\"JUSTIFY\"><span style=\"font-size: small\">Al entrar a la explanada un bandeo de campanas ha anunciado la llegada de la procesi\u00f3n, que entre v\u00edtores y alabanzas a Nuestra Se\u00f1ora se ha dirigido hasta la iglesia. All\u00ed la talla de la Virgen se ha colocado en el centro del templo mientras el \u00f3rgano tocaba su himno. <\/span><\/p>\n<p align=\"JUSTIFY\"><span style=\"font-size: small\">El rector de Torreciudad, Pedro D\u00edez-Anto\u00f1anzas, les ha dado la bienvenida con estas palabras: &#8220;Hab\u00e9is venido a ver a vuestra Madre para pedirle tantas cosas, y Ella espera que se las pidamos. Especialmente aquellas que nos resultan muy dif\u00edciles y que nos damos cuenta que deben cambiar en nuestro coraz\u00f3n: el no perdonar, el mal genio, el ego\u00edsmo, la pereza\u2026&#8221;.<\/span><\/p>\n<p align=\"JUSTIFY\"><span style=\"font-size: small\">Varios sacerdotes han recorrido despu\u00e9s los aparcamientos para seguir una costumbre muy querida por el pueblo ecuatoriano: la bendici\u00f3n individual de veh\u00edculos y diversas im\u00e1genes mediante una oraci\u00f3n y el uso de agua bendita. Un grupo de voluntarios ha atendido las visitas guiadas al retablo, la capilla del Sant\u00edsimo, la galer\u00eda mariana y el servicio de guarder\u00eda, mientras que otros fieles han aprovechado para confesarse.<\/span><\/p>\n<p align=\"JUSTIFY\"><span style=\"font-size: small\">A las doce se ha celebrado la Eucarist\u00eda oficiada por el rector, con el acompa\u00f1amiento musical lit\u00fargico a cargo de la organista titular del santuario, Maite Aranzabal. Al terminar, la imagen se ha trasladado al exterior del templo y se ha cantado el himno nacional de Ecuador. La jornada ha terminado con una selecci\u00f3n de danzas tradicionales ecuatorianas, interpretadas por los grupos \u201cNuevo Amanecer\u201d, \u201cEuroam\u00e9rica\u201d y \u201cSumac Sisana\u201d, de Lleida, y los \u201cNegritos Sabrosos\u201d e \u201cIlusi\u00f3n ecuatoriana\u201d de Zaragoza.<\/span><\/p>\n<p><span class=\"et_bloom_bottom_trigger\"><\/span><\/p>\n<p><a href=\"https:\/\/es.zenit.org\/\" target=\"_blank\" rel=\"nofollow\">Fuente: es.zenit.org<\/a><\/p>\n","protected":false},"excerpt":{"rendered":"<p>&nbsp; (ZENIT &#8211; Roma).-\u00a0Unos\u00a0tres mil peregrinos procedentes de Catalu\u00f1a, Arag\u00f3n, Madrid, Navarra, La Rioja y Valencia han celebrado este s\u00e1bado\u00a0en Torreciudad la 12\u00aa edici\u00f3n de la Fiesta de la Virgen del Quinche, Patrona de Quito. Lo inform\u00f3 la oficina de prensa delSantuario, precisando que el evento se ha realizado en\u00a0el\u00a0s\u00e1bado m\u00e1s cercano a su festividad &hellip; <a href=\"https:\/\/www.biblia.work\/noticias\/los-inmigrantes-ecuatorianos-en-espana-festejan-en-torreciudad-a-la-virgen-del-quinche\/\" class=\"more-link\">Continuar leyendo<span class=\"screen-reader-text\"> \u00abLos inmigrantes ecuatorianos en Espa\u00f1a festejan en Torreciudad a la Virgen del Quinche\u00bb<\/span><\/a><\/p>\n","protected":false},"author":1,"featured_media":0,"comment_status":"open","ping_status":"closed","sticky":false,"template":"","format":"standard","meta":{"footnotes":""},"categories":[1],"tags":[],"class_list":["post-9083","post","type-post","status-publish","format-standard","hentry","category-general"],"_links":{"self":[{"href":"https:\/\/www.biblia.work\/noticias\/wp-json\/wp\/v2\/posts\/9083","targetHints":{"allow":["GET"]}}],"collection":[{"href":"https:\/\/www.biblia.work\/noticias\/wp-json\/wp\/v2\/posts"}],"about":[{"href":"https:\/\/www.biblia.work\/noticias\/wp-json\/wp\/v2\/types\/post"}],"author":[{"embeddable":true,"href":"https:\/\/www.biblia.work\/noticias\/wp-json\/wp\/v2\/users\/1"}],"replies":[{"embeddable":true,"href":"https:\/\/www.biblia.work\/noticias\/wp-json\/wp\/v2\/comments?post=9083"}],"version-history":[{"count":0,"href":"https:\/\/www.biblia.work\/noticias\/wp-json\/wp\/v2\/posts\/9083\/revisions"}],"wp:attachment":[{"href":"https:\/\/www.biblia.work\/noticias\/wp-json\/wp\/v2\/media?parent=9083"}],"wp:term":[{"taxonomy":"category","embeddable":true,"href":"https:\/\/www.biblia.work\/noticias\/wp-json\/wp\/v2\/categories?post=9083"},{"taxonomy":"post_tag","embeddable":true,"href":"https:\/\/www.biblia.work\/noticias\/wp-json\/wp\/v2\/tags?post=9083"}],"curies":[{"name":"wp","href":"https:\/\/api.w.org\/{rel}","templated":true}]}}