{"id":9088,"date":"2016-11-20T05:40:04","date_gmt":"2016-11-20T10:40:04","guid":{"rendered":"http:\/\/www.biblia.work\/noticias\/el-papa-tras-la-clausura-del-ano-santo-que-maria-nos-ayude-a-hacer-fructiferos-los-dones-espirituales-del-jubileo\/"},"modified":"2016-11-20T05:40:04","modified_gmt":"2016-11-20T10:40:04","slug":"el-papa-tras-la-clausura-del-ano-santo-que-maria-nos-ayude-a-hacer-fructiferos-los-dones-espirituales-del-jubileo","status":"publish","type":"post","link":"https:\/\/www.biblia.work\/noticias\/el-papa-tras-la-clausura-del-ano-santo-que-maria-nos-ayude-a-hacer-fructiferos-los-dones-espirituales-del-jubileo\/","title":{"rendered":"El Papa tras la clausura del A\u00f1o Santo: que Mar\u00eda nos ayude a hacer fruct\u00edferos los dones espirituales del Jubileo"},"content":{"rendered":"<p> <img src='http:\/\/media02.radiovaticana.va\/photo\/2015\/12\/10\/OSSROM89597_Thumbnail.jpg' alt='' align='left' hspace='5'> <\/p>\n<p>REFLEXIONES EN FRONTERA, jesuita Guillermo Ortiz<\/p>\n<p><span><br \/>\n<audio class=\"video-js vjs-default-skin vjs-big-play-button-centered rv-custom-audio\" controls=\"\" id=\"audioItem_8919337\" preload=\"none\"><\/audio><br \/>\n<span class=\"rv-audio-download\"><a href=\"http:\/\/media02.radiovaticana.va\/audio\/audio2\/mp3\/00558412.mp3\" title=\"Download audio\"><img decoding=\"async\" src=\"http:\/\/es.radiovaticana.va\/Modules\/Presentation\/Styles\/images-common\/icons\/download-audio-mp3_off.png\" style=\"height: 30px\" \/><\/a><\/span> <\/span><\/p>\n<p>Como parte del &uacute;ltimo grupo que pas&oacute; por la Puerta de San Pedro el s&aacute;bado 19 de noviembre en la v&iacute;spera de la clausura del A&ntilde;o de la misericordia, el peregrino Hugo V&aacute;zquez, de Nitramnas, nos dio su testimonio: &ldquo;Vine con pocas esperanzas &ndash;refiri&oacute;-, porque ya era tarde para hacer la fila, pero me alegr&eacute; cuando vi que reci&eacute;n estaban empezando a cerrar los controles. Me agregu&eacute; al &uacute;ltimo grupo de peregrinos que entraron, con aquellos verdaderamente &ldquo;de la &uacute;ltima hora&rdquo;, porque despu&eacute;s de nosotros cerraron ya la Puerta al paso de la gente. Fui de los &uacute;ltimos, pero de entr&eacute; con muchos que desean pasar a la Vida nueva que Jes&uacute;s ofrece; vivir en familia, en la casa de los hijos de Dios y como Dios manda&rdquo;.<\/p>\n<p>&ldquo;Vi mucha gente rezando fuerte. Ped&iacute; que Dios nos conceda la gracia de la Oraci&oacute;n y la Devoci&oacute;n a todos los m&iacute;os, a mi familia y a mis amigos, especialmente por aquellos que est&aacute;n m&aacute;s desanimados&rdquo;.<\/p>\n<p>Y nuestro testigo de la &uacute;ltima hora nos regal&oacute; una reflexi&oacute;n: &ldquo;Se termina la celebraci&oacute;n del A&ntilde;o de la Misericordia &ndash;dijo-, pero la misericordia no se agot&oacute;, no termina. La misericordia pasa ahora m&aacute;s abundante todav&iacute;a por las puertas de los corazones que se abrevaron de la ternura de Dios en este A&ntilde;o Santo&rdquo;.<\/p>\n<p>&nbsp;<\/p>\n<p><a href=\"http:\/\/es.radiovaticana.va\" target=\"_blank\" rel=\"nofollow\">Fuente: es.radiovaticana.va<\/a><\/p>\n","protected":false},"excerpt":{"rendered":"<p>REFLEXIONES EN FRONTERA, jesuita Guillermo Ortiz Como parte del &uacute;ltimo grupo que pas&oacute; por la Puerta de San Pedro el s&aacute;bado 19 de noviembre en la v&iacute;spera de la clausura del A&ntilde;o de la misericordia, el peregrino Hugo V&aacute;zquez, de Nitramnas, nos dio su testimonio: &ldquo;Vine con pocas esperanzas &ndash;refiri&oacute;-, porque ya era tarde para &hellip; <a href=\"https:\/\/www.biblia.work\/noticias\/el-papa-tras-la-clausura-del-ano-santo-que-maria-nos-ayude-a-hacer-fructiferos-los-dones-espirituales-del-jubileo\/\" class=\"more-link\">Continuar leyendo<span class=\"screen-reader-text\"> \u00abEl Papa tras la clausura del A\u00f1o Santo: que Mar\u00eda nos ayude a hacer fruct\u00edferos los dones espirituales del Jubileo\u00bb<\/span><\/a><\/p>\n","protected":false},"author":1,"featured_media":0,"comment_status":"open","ping_status":"closed","sticky":false,"template":"","format":"standard","meta":{"footnotes":""},"categories":[1],"tags":[],"class_list":["post-9088","post","type-post","status-publish","format-standard","hentry","category-general"],"_links":{"self":[{"href":"https:\/\/www.biblia.work\/noticias\/wp-json\/wp\/v2\/posts\/9088","targetHints":{"allow":["GET"]}}],"collection":[{"href":"https:\/\/www.biblia.work\/noticias\/wp-json\/wp\/v2\/posts"}],"about":[{"href":"https:\/\/www.biblia.work\/noticias\/wp-json\/wp\/v2\/types\/post"}],"author":[{"embeddable":true,"href":"https:\/\/www.biblia.work\/noticias\/wp-json\/wp\/v2\/users\/1"}],"replies":[{"embeddable":true,"href":"https:\/\/www.biblia.work\/noticias\/wp-json\/wp\/v2\/comments?post=9088"}],"version-history":[{"count":0,"href":"https:\/\/www.biblia.work\/noticias\/wp-json\/wp\/v2\/posts\/9088\/revisions"}],"wp:attachment":[{"href":"https:\/\/www.biblia.work\/noticias\/wp-json\/wp\/v2\/media?parent=9088"}],"wp:term":[{"taxonomy":"category","embeddable":true,"href":"https:\/\/www.biblia.work\/noticias\/wp-json\/wp\/v2\/categories?post=9088"},{"taxonomy":"post_tag","embeddable":true,"href":"https:\/\/www.biblia.work\/noticias\/wp-json\/wp\/v2\/tags?post=9088"}],"curies":[{"name":"wp","href":"https:\/\/api.w.org\/{rel}","templated":true}]}}