{"id":9091,"date":"2016-11-20T07:15:02","date_gmt":"2016-11-20T12:15:02","guid":{"rendered":"http:\/\/www.biblia.work\/noticias\/el-santo-padre-firma-la-carta-apostolica-misericordia-e-misera\/"},"modified":"2016-11-20T07:15:02","modified_gmt":"2016-11-20T12:15:02","slug":"el-santo-padre-firma-la-carta-apostolica-misericordia-e-misera","status":"publish","type":"post","link":"https:\/\/www.biblia.work\/noticias\/el-santo-padre-firma-la-carta-apostolica-misericordia-e-misera\/","title":{"rendered":"El Santo Padre firma la carta apost\u00f3lica \u2018Misericordia e Misera\u2019"},"content":{"rendered":"<p style=\"text-align: justify\">(ZENIT \u2013 Ciudad del Vaticano).- La carta apost\u00f3lica Misericordia et Misera ha sido firmada por el papa Francisco con motivo del cierre de A\u00f1o Jubilar.<\/p>\n<p style=\"text-align: justify\">Es un documento con el cual el\u00a0Santo Padre\u00a0indica a la Iglesia cat\u00f3lica los frutos del A\u00f1o Santo extraordinario de la Misericordia y el camino de la evangelizaci\u00f3n que es necesario recorrer en los pr\u00f3ximos a\u00f1os.<\/p>\n<p style=\"text-align: justify\">El Papa firm\u00f3 el documento delante del altar donde presidi\u00f3 la misa con motivo del cierre del Jubileo de la Misericordia, en la explanada de la bas\u00edlica de San Pedro y\u00a0a continuaci\u00f3n entreg\u00f3 las primeras copias del documento cuyo contenido ma\u00f1ana lunes a medio d\u00eda ser\u00e1 dado a conocer.<\/p>\n<p style=\"text-align: justify\">El documento ha sido entregado al cardenal Luis Antonio Tagle, arzobispo de Manila; a Mons. Leo William Cushley, arzobispo de Saint Andrews y Edimburgo; a dos sacerdotes Misioneros de la Misericordia, provenientes de la Rep\u00fablica Democr\u00e1tica del Congo y de Brasil; a un di\u00e1cono permanente de la di\u00f3cesis de Roma junto a su familia; a dos monjas que vinieron desde M\u00e9xico y Corea del Sur; a una familia compuesta por pap\u00e1s, hijos y abuelos originarios de Estados Unidos de Norte Am\u00e9rica; a una pareja de j\u00f3venes novios; a dos mam\u00e1s catequistas de una parroquia de Roma; a una persona con discapacidad y a una persona enferma.<\/p>\n<p><span class=\"et_bloom_bottom_trigger\"><\/span><\/p>\n<p><a href=\"https:\/\/es.zenit.org\/\" target=\"_blank\" rel=\"nofollow\">Fuente: es.zenit.org<\/a><\/p>\n","protected":false},"excerpt":{"rendered":"<p>(ZENIT \u2013 Ciudad del Vaticano).- La carta apost\u00f3lica Misericordia et Misera ha sido firmada por el papa Francisco con motivo del cierre de A\u00f1o Jubilar. Es un documento con el cual el\u00a0Santo Padre\u00a0indica a la Iglesia cat\u00f3lica los frutos del A\u00f1o Santo extraordinario de la Misericordia y el camino de la evangelizaci\u00f3n que es necesario &hellip; <a href=\"https:\/\/www.biblia.work\/noticias\/el-santo-padre-firma-la-carta-apostolica-misericordia-e-misera\/\" class=\"more-link\">Continuar leyendo<span class=\"screen-reader-text\"> \u00abEl Santo Padre firma la carta apost\u00f3lica \u2018Misericordia e Misera\u2019\u00bb<\/span><\/a><\/p>\n","protected":false},"author":1,"featured_media":0,"comment_status":"open","ping_status":"closed","sticky":false,"template":"","format":"standard","meta":{"footnotes":""},"categories":[1],"tags":[],"class_list":["post-9091","post","type-post","status-publish","format-standard","hentry","category-general"],"_links":{"self":[{"href":"https:\/\/www.biblia.work\/noticias\/wp-json\/wp\/v2\/posts\/9091","targetHints":{"allow":["GET"]}}],"collection":[{"href":"https:\/\/www.biblia.work\/noticias\/wp-json\/wp\/v2\/posts"}],"about":[{"href":"https:\/\/www.biblia.work\/noticias\/wp-json\/wp\/v2\/types\/post"}],"author":[{"embeddable":true,"href":"https:\/\/www.biblia.work\/noticias\/wp-json\/wp\/v2\/users\/1"}],"replies":[{"embeddable":true,"href":"https:\/\/www.biblia.work\/noticias\/wp-json\/wp\/v2\/comments?post=9091"}],"version-history":[{"count":0,"href":"https:\/\/www.biblia.work\/noticias\/wp-json\/wp\/v2\/posts\/9091\/revisions"}],"wp:attachment":[{"href":"https:\/\/www.biblia.work\/noticias\/wp-json\/wp\/v2\/media?parent=9091"}],"wp:term":[{"taxonomy":"category","embeddable":true,"href":"https:\/\/www.biblia.work\/noticias\/wp-json\/wp\/v2\/categories?post=9091"},{"taxonomy":"post_tag","embeddable":true,"href":"https:\/\/www.biblia.work\/noticias\/wp-json\/wp\/v2\/tags?post=9091"}],"curies":[{"name":"wp","href":"https:\/\/api.w.org\/{rel}","templated":true}]}}