{"id":9092,"date":"2016-11-20T07:15:02","date_gmt":"2016-11-20T12:15:02","guid":{"rendered":"http:\/\/www.biblia.work\/noticias\/francisco-en-el-angelus-agradece-a-todos-los-que-hicieron-posible-el-jubileo-de-la-misericordia\/"},"modified":"2016-11-20T07:15:02","modified_gmt":"2016-11-20T12:15:02","slug":"francisco-en-el-angelus-agradece-a-todos-los-que-hicieron-posible-el-jubileo-de-la-misericordia","status":"publish","type":"post","link":"https:\/\/www.biblia.work\/noticias\/francisco-en-el-angelus-agradece-a-todos-los-que-hicieron-posible-el-jubileo-de-la-misericordia\/","title":{"rendered":"Francisco en el \u00e1ngelus agradece a todos los que hicieron posible el Jubileo de la Misericordia"},"content":{"rendered":"<p style=\"text-align: justify\">(ZENIT \u2013 Ciudad del Vaticano).- El santo padre Francisco rez\u00f3 la oraci\u00f3n del \u00e1ngelus al concluir la misa de este domingo en la explanada de la bas\u00edlica de San Pedro, con motivo del cierre del A\u00f1o santo de la misericordia, ante los miles de fieles all\u00ed reunidos.<\/p>\n<p style=\"text-align: justify\"><strong>A continuaci\u00f3n las palabras del Papa:<\/strong><\/p>\n<p style=\"text-align: justify\">\u201cQueridos hermanos y hermanas. Al concluir esta celebraci\u00f3n elevamos a Dios alabanza y agradecimiento por el don que el A\u00f1o santo de la misericordia signific\u00f3\u00a0para la Iglesia y para tantas personas de buena voluntad.<\/p>\n<p style=\"text-align: justify\">Saludo con deferencia al presidente de la Rep\u00fablica Italiana y a las delegaciones oficiales presentes. Expreso vivo reconocimiento a los responsables del gobierno italiano y a las instituciones por la colaboraci\u00f3n y el empe\u00f1o que han puesto.<\/p>\n<p style=\"text-align: justify\">Un gracias caluroso va a las fuerzas del orden, a los operadores de los servicios de recibimiento, de informaci\u00f3n, de sanidad\u00a0y a los voluntarios de diversas edades y proveniencias.<\/p>\n<p style=\"text-align: justify\">Agradezco de manera particular al Pontificio Consejo para la Promoci\u00f3n de la Nueva Evangelizaci\u00f3n y a quienes han cooperado en sus diversas articulaciones.<\/p>\n<p style=\"text-align: justify\">Dirijo un grato recuerdo a quienes han contribuido espiritualmente a que el Jubileo haya salido bien: pienso a tantas personas ancianas y enfermas que han rezado incesantemente, ofreciendo tambi\u00e9n sus sufrimientos por el Jubileo. De manera especial quiero agradecer a las monjas de clausura, en la vigilia de la Jornada <em>Pro Orantibus<\/em> que se celebra ma\u00f1ana.\u00a0Invito a todos a recordarse de manera particular a estas nuestras hermanas que se dedican totalmente a la oraci\u00f3n y tienen necesidad de solidaridad espiritual y material.<\/p>\n<p style=\"text-align: justify\">Ayer en Avignon, Francia, ha sido proclamado beato el padre <em>Maria-Eugene de l&#8217;Enfant J\u00e9sus<\/em>, de la orden de los carmelitas descalzos, fundador del instituto secular \u201cNuestra Se\u00f1ora de la Vida\u201d, hombre de Dios atento a las necesidades espirituales y materiales del pr\u00f3jimo. Su ejemplo y su intercesi\u00f3n nos apoye en nuestro camino de fe.<\/p>\n<p style=\"text-align: justify\">Deseo saludar cordialmente a todos los presentes, que han venido desde varios pa\u00edses para la clausura de la Puerta santa de la bas\u00edlica de San Pedro. La Virgen Mar\u00eda nos ayude a conservar en el coraz\u00f3n y a hacer fructificar los dones espirituales del Jubileo de la Misericordia.<\/p>\n<p><span class=\"et_bloom_bottom_trigger\"><\/span><\/p>\n<p><a href=\"https:\/\/es.zenit.org\/\" target=\"_blank\" rel=\"nofollow\">Fuente: es.zenit.org<\/a><\/p>\n","protected":false},"excerpt":{"rendered":"<p>(ZENIT \u2013 Ciudad del Vaticano).- El santo padre Francisco rez\u00f3 la oraci\u00f3n del \u00e1ngelus al concluir la misa de este domingo en la explanada de la bas\u00edlica de San Pedro, con motivo del cierre del A\u00f1o santo de la misericordia, ante los miles de fieles all\u00ed reunidos. A continuaci\u00f3n las palabras del Papa: \u201cQueridos hermanos &hellip; <a href=\"https:\/\/www.biblia.work\/noticias\/francisco-en-el-angelus-agradece-a-todos-los-que-hicieron-posible-el-jubileo-de-la-misericordia\/\" class=\"more-link\">Continuar leyendo<span class=\"screen-reader-text\"> \u00abFrancisco en el \u00e1ngelus agradece a todos los que hicieron posible el Jubileo de la Misericordia\u00bb<\/span><\/a><\/p>\n","protected":false},"author":1,"featured_media":0,"comment_status":"open","ping_status":"closed","sticky":false,"template":"","format":"standard","meta":{"footnotes":""},"categories":[1],"tags":[],"class_list":["post-9092","post","type-post","status-publish","format-standard","hentry","category-general"],"_links":{"self":[{"href":"https:\/\/www.biblia.work\/noticias\/wp-json\/wp\/v2\/posts\/9092","targetHints":{"allow":["GET"]}}],"collection":[{"href":"https:\/\/www.biblia.work\/noticias\/wp-json\/wp\/v2\/posts"}],"about":[{"href":"https:\/\/www.biblia.work\/noticias\/wp-json\/wp\/v2\/types\/post"}],"author":[{"embeddable":true,"href":"https:\/\/www.biblia.work\/noticias\/wp-json\/wp\/v2\/users\/1"}],"replies":[{"embeddable":true,"href":"https:\/\/www.biblia.work\/noticias\/wp-json\/wp\/v2\/comments?post=9092"}],"version-history":[{"count":0,"href":"https:\/\/www.biblia.work\/noticias\/wp-json\/wp\/v2\/posts\/9092\/revisions"}],"wp:attachment":[{"href":"https:\/\/www.biblia.work\/noticias\/wp-json\/wp\/v2\/media?parent=9092"}],"wp:term":[{"taxonomy":"category","embeddable":true,"href":"https:\/\/www.biblia.work\/noticias\/wp-json\/wp\/v2\/categories?post=9092"},{"taxonomy":"post_tag","embeddable":true,"href":"https:\/\/www.biblia.work\/noticias\/wp-json\/wp\/v2\/tags?post=9092"}],"curies":[{"name":"wp","href":"https:\/\/api.w.org\/{rel}","templated":true}]}}