{"id":9097,"date":"2016-11-20T10:05:02","date_gmt":"2016-11-20T15:05:02","guid":{"rendered":"http:\/\/www.biblia.work\/noticias\/jovenes-de-america-europa-y-africa-se-llevan-estas-lecciones-del-ano-de-la-misericordia\/"},"modified":"2016-11-20T10:05:02","modified_gmt":"2016-11-20T15:05:02","slug":"jovenes-de-america-europa-y-africa-se-llevan-estas-lecciones-del-ano-de-la-misericordia","status":"publish","type":"post","link":"https:\/\/www.biblia.work\/noticias\/jovenes-de-america-europa-y-africa-se-llevan-estas-lecciones-del-ano-de-la-misericordia\/","title":{"rendered":"J\u00f3venes de Am\u00e9rica, Europa y \u00c1frica se llevan estas lecciones del A\u00f1o de la Misericordia"},"content":{"rendered":"<p> ROMA, 20 Nov. 16 (ACI).-<br \/>\n\tUnas 70.000 personas, seg&uacute;n la Gendarmer&iacute;a Vaticana, han llenado la plaza de San Pedro en el Vaticano para asistir a la Misa de clausura del A&ntilde;o Santo de la Misericordia presidida por el Papa Francisco, en la Solemnidad de Cristo Rey.<\/p>\n<p style=\"text-align: justify\">\n\tPeregrinos de todos los lugares del mundo acudieron a Roma para acompa&ntilde;ar al Santo Padre en el cierre de este Jubileo del que ya se est&aacute;n recogiendo frutos. M&aacute;s de 21 millones de peregrinos han acudido a Roma desde que el Papa abri&oacute;, hace ya un a&ntilde;o, la Puerta Santa de la Bas&iacute;lica de San Pedro.<\/p>\n<p style=\"text-align: justify\">\n\tMientras esperaban a que el Papa haga el habitual recorrido en papam&oacute;vil por los pasillos abiertos en la plaza entre la multitud de peregrinos, una vez finalizada la Misa, Ignacio Ramonedo, de Espa&ntilde;a, y Casimir Kouassi, de Costa de Marfil, conversan unos minutos con ACI Prensa.<\/p>\n<p style=\"text-align: justify\">\n\t&ldquo;Lo que m&aacute;s me ha llamado la atenci&oacute;n de este A&ntilde;o Jubilar es que el Papa ha pedido a la gente que la Misericordia implique tanto un salir hacia fuera, a ayudar a los dem&aacute;s, como tambi&eacute;n que se produzca una conversi&oacute;n de uno mismo&rdquo;, destac&oacute; Ignacio. &ldquo;Creo que ese es el mensaje central, lo m&aacute;s importante, lo que hay que situar en primer lugar&rdquo;.<\/p>\n<p style=\"text-align: justify\">\n\tA su lado, Casimir Kouassi, nacido en Costa de Marfil, asinti&oacute; con la cabeza. &ldquo;A m&iacute; lo que me sorprendi&oacute; mucho fue el hecho de que se hubieran abierto Puertas de la Misericordia por todo el mundo&rdquo;, se&ntilde;al&oacute;. &ldquo;Que el Papa haya querido que en cada ciudad grande del mundo, en cada catedral, haya tambi&eacute;n una Puerta de la Misericordia para animar a la gente a acercarse al Se&ntilde;or, a confesarse, sin tener la necesidad de viajar hasta Roma. Eso ha permitido que la misericordia se haya extendido en todo el mundo&rdquo;.<\/p>\n<p style=\"text-align: justify\">\n\tCerca de ellos se encontraban los seminaristas Ceferino Carmona, de M&eacute;xico, y Mart&iacute;n Laurente, de Per&uacute;. &ldquo;Estar aqu&iacute; el d&iacute;a de la clausura de la Puerta Santa es una bendici&oacute;n&rdquo;, afirm&oacute; Ceferino. &ldquo;El comienzo del A&ntilde;o Jubilar lo viv&iacute; en mi di&oacute;cesis, y tambi&eacute;n fue muy emocionante. Creo que el A&ntilde;o de la Misericordia nos muestra a nosotros, como futuros pastores, lo que la Iglesia nos pide: que seamos m&aacute;s cercanos a los necesitados, a los necesitados que buscan la misericordia de Jesucristo. Creo que el Papa Francisco nos ha dado mucho ejemplo de c&oacute;mo vivir esto, de c&oacute;mo debe ser un pastor verdaderamente cercano al pueblo, a las ovejas&rdquo;.<\/p>\n<p style=\"text-align: justify\">\n\tMart&iacute;n tambi&eacute;n vio como una bendici&oacute;n el &ldquo;haber estado tan cercano al Santo Padre. Vivir esta Misericordia que el mismo Papa nos pide. Y a nosotros, que estamos siguiendo el camino del sacerdocio es un gran ejemplo que &eacute;l nos da. Porque nosotros en un futuro no muy lejano tambi&eacute;n tendremos la responsabilidad de ser los primeros en practicar y vivir esta misericordia que el Santo Padre nos ha ense&ntilde;ado&rdquo;.<\/p>\n<p style=\"text-align: justify\">\n\tTambi&eacute;n te puede interesar:<\/p>\n<p style=\"text-align: justify\">\n\t\tPapa Francisco clausura el Jubileo: La puerta de la misericordia est&aacute; siempre abierta https:\/\/t.co\/35Fybc2aEg<\/p>\n<p>\t&mdash; ACI Prensa (@aciprensa) 20 de noviembre de 2016<\/p>\n","protected":false},"excerpt":{"rendered":"<p>ROMA, 20 Nov. 16 (ACI).- Unas 70.000 personas, seg&uacute;n la Gendarmer&iacute;a Vaticana, han llenado la plaza de San Pedro en el Vaticano para asistir a la Misa de clausura del A&ntilde;o Santo de la Misericordia presidida por el Papa Francisco, en la Solemnidad de Cristo Rey. Peregrinos de todos los lugares del mundo acudieron a &hellip; <a href=\"https:\/\/www.biblia.work\/noticias\/jovenes-de-america-europa-y-africa-se-llevan-estas-lecciones-del-ano-de-la-misericordia\/\" class=\"more-link\">Continuar leyendo<span class=\"screen-reader-text\"> \u00abJ\u00f3venes de Am\u00e9rica, Europa y \u00c1frica se llevan estas lecciones del A\u00f1o de la Misericordia\u00bb<\/span><\/a><\/p>\n","protected":false},"author":1,"featured_media":0,"comment_status":"open","ping_status":"closed","sticky":false,"template":"","format":"standard","meta":{"footnotes":""},"categories":[1],"tags":[],"class_list":["post-9097","post","type-post","status-publish","format-standard","hentry","category-general"],"_links":{"self":[{"href":"https:\/\/www.biblia.work\/noticias\/wp-json\/wp\/v2\/posts\/9097","targetHints":{"allow":["GET"]}}],"collection":[{"href":"https:\/\/www.biblia.work\/noticias\/wp-json\/wp\/v2\/posts"}],"about":[{"href":"https:\/\/www.biblia.work\/noticias\/wp-json\/wp\/v2\/types\/post"}],"author":[{"embeddable":true,"href":"https:\/\/www.biblia.work\/noticias\/wp-json\/wp\/v2\/users\/1"}],"replies":[{"embeddable":true,"href":"https:\/\/www.biblia.work\/noticias\/wp-json\/wp\/v2\/comments?post=9097"}],"version-history":[{"count":0,"href":"https:\/\/www.biblia.work\/noticias\/wp-json\/wp\/v2\/posts\/9097\/revisions"}],"wp:attachment":[{"href":"https:\/\/www.biblia.work\/noticias\/wp-json\/wp\/v2\/media?parent=9097"}],"wp:term":[{"taxonomy":"category","embeddable":true,"href":"https:\/\/www.biblia.work\/noticias\/wp-json\/wp\/v2\/categories?post=9097"},{"taxonomy":"post_tag","embeddable":true,"href":"https:\/\/www.biblia.work\/noticias\/wp-json\/wp\/v2\/tags?post=9097"}],"curies":[{"name":"wp","href":"https:\/\/api.w.org\/{rel}","templated":true}]}}