{"id":9109,"date":"2016-11-21T01:05:02","date_gmt":"2016-11-21T06:05:02","guid":{"rendered":"http:\/\/www.biblia.work\/noticias\/hoy-l-a-iglesia-celebra-la-presentacion-de-la-virgen-maria\/"},"modified":"2016-11-21T01:05:02","modified_gmt":"2016-11-21T06:05:02","slug":"hoy-l-a-iglesia-celebra-la-presentacion-de-la-virgen-maria","status":"publish","type":"post","link":"https:\/\/www.biblia.work\/noticias\/hoy-l-a-iglesia-celebra-la-presentacion-de-la-virgen-maria\/","title":{"rendered":"Hoy l a Iglesia celebra la Presentaci\u00f3n de la Virgen Mar\u00eda"},"content":{"rendered":"<p> REDACCI\u00d3N CENTRAL, 21 Nov. 16 (ACI).-<br \/>\n\tCada 21 de noviembre la Iglesia celebra la Presentaci\u00f3n de Mar\u00eda Sant\u00edsima en el Templo y por ello tambi\u00e9n realiza la \u201cJornada Pro Orantibus\u201d, d\u00eda en que los fieles son invitados a dar gracias a Dios por aquellos y aquellas que entregan su vida a Dios en los conventos de clausura.<\/p>\n<p style=\"text-align: justify\">\n\tSeg\u00fan la tradici\u00f3n, la ni\u00f1a Mar\u00eda fue llevada al Templo por sus padres para que integrara el grupo de doncellas que all\u00ed eran consagradas a Dios e instruidas en la piedad.<\/p>\n<p style=\"text-align: justify\">\n\tSeg\u00fan el \u201cProtoevangelio de Santiago\u201d, una fuente cristiana que no est\u00e1 incluida en el Canon de la Biblia, la Virgen fue recibida por el sacerdote, que la bendijo y exclam\u00f3: \u201cEl Se\u00f1or ha engrandecido tu nombre por todas las generaciones, pues al fin de los tiempos manifestar\u00e1 en ti su redenci\u00f3n a los hijos de Israel\u201d.<\/p>\n<p style=\"text-align: justify\">\n\t\u201cEl Se\u00f1or derram\u00f3 gracia sobre la ni\u00f1a, quien danz\u00f3, haci\u00e9ndose querer de toda la casa de Israel\u201d, a\u00f1ade el texto.<\/p>\n<p style=\"text-align: justify\">\n\tEn el S. VI ya se celebraba esta Fiesta en el Oriente. En 1372, el Papa Gregorio XI la introdujo en Avi\u00f1\u00f3n y posteriormente el Papa Sixto V la extendi\u00f3 a toda la Iglesia.<\/p>\n<p style=\"text-align: justify\">\n\tEn esta fecha tambi\u00e9n se recuerda la Dedicaci\u00f3n de la Iglesia de Santa Mar\u00eda la Nueva, en el a\u00f1o 543, y edificada cerca del Templo de Jerusal\u00e9n.<\/p>\n<p style=\"text-align: justify\">\n\tEl 21 de noviembre de 1953, el Papa P\u00edo XII instituy\u00f3 este d\u00eda como la \u201cJornada Pro Orantibus\u201d, en honor a las comunidades religiosas de clausura.<\/p>\n<p style=\"text-align: justify\">\n\tPor ello, el Papa Francisco en el 2014 anim\u00f3 a que sea \u201cuna ocasi\u00f3n oportuna para agradecer al Se\u00f1or por el don de tantas personas que, en los monasterios y en las ermitas, se dedican a Dios en la oraci\u00f3n y en el silencio activo, reconoci\u00e9ndole aquella primac\u00eda que s\u00f3lo a \u00c9l le corresponde\u201d.<\/p>\n<p style=\"text-align: justify\">\n\t\u201cDemos gracias al Se\u00f1or por los testimonios de vida claustral y no les hagamos faltar nuestro apoyo espiritual y material, para cumplir esta importante misi\u00f3n\u201d, enfatiz\u00f3 el Pont\u00edfice.<\/p>\n<p style=\"text-align: justify\">\n\tM\u00e1s informaci\u00f3n en:\u00a0https:\/\/www.aciprensa.com\/santos\/santo.php?id=610<\/p>\n","protected":false},"excerpt":{"rendered":"<p>REDACCI\u00d3N CENTRAL, 21 Nov. 16 (ACI).- Cada 21 de noviembre la Iglesia celebra la Presentaci\u00f3n de Mar\u00eda Sant\u00edsima en el Templo y por ello tambi\u00e9n realiza la \u201cJornada Pro Orantibus\u201d, d\u00eda en que los fieles son invitados a dar gracias a Dios por aquellos y aquellas que entregan su vida a Dios en los conventos &hellip; <a href=\"https:\/\/www.biblia.work\/noticias\/hoy-l-a-iglesia-celebra-la-presentacion-de-la-virgen-maria\/\" class=\"more-link\">Continuar leyendo<span class=\"screen-reader-text\"> \u00abHoy l a Iglesia celebra la Presentaci\u00f3n de la Virgen Mar\u00eda\u00bb<\/span><\/a><\/p>\n","protected":false},"author":1,"featured_media":0,"comment_status":"open","ping_status":"closed","sticky":false,"template":"","format":"standard","meta":{"footnotes":""},"categories":[1],"tags":[],"class_list":["post-9109","post","type-post","status-publish","format-standard","hentry","category-general"],"_links":{"self":[{"href":"https:\/\/www.biblia.work\/noticias\/wp-json\/wp\/v2\/posts\/9109","targetHints":{"allow":["GET"]}}],"collection":[{"href":"https:\/\/www.biblia.work\/noticias\/wp-json\/wp\/v2\/posts"}],"about":[{"href":"https:\/\/www.biblia.work\/noticias\/wp-json\/wp\/v2\/types\/post"}],"author":[{"embeddable":true,"href":"https:\/\/www.biblia.work\/noticias\/wp-json\/wp\/v2\/users\/1"}],"replies":[{"embeddable":true,"href":"https:\/\/www.biblia.work\/noticias\/wp-json\/wp\/v2\/comments?post=9109"}],"version-history":[{"count":0,"href":"https:\/\/www.biblia.work\/noticias\/wp-json\/wp\/v2\/posts\/9109\/revisions"}],"wp:attachment":[{"href":"https:\/\/www.biblia.work\/noticias\/wp-json\/wp\/v2\/media?parent=9109"}],"wp:term":[{"taxonomy":"category","embeddable":true,"href":"https:\/\/www.biblia.work\/noticias\/wp-json\/wp\/v2\/categories?post=9109"},{"taxonomy":"post_tag","embeddable":true,"href":"https:\/\/www.biblia.work\/noticias\/wp-json\/wp\/v2\/tags?post=9109"}],"curies":[{"name":"wp","href":"https:\/\/api.w.org\/{rel}","templated":true}]}}