{"id":9110,"date":"2016-11-21T03:05:03","date_gmt":"2016-11-21T08:05:03","guid":{"rendered":"http:\/\/www.biblia.work\/noticias\/hoy-es-la-fiesta-de-nuestra-senora-de-la-presentacion-del-quinche\/"},"modified":"2016-11-21T03:05:03","modified_gmt":"2016-11-21T08:05:03","slug":"hoy-es-la-fiesta-de-nuestra-senora-de-la-presentacion-del-quinche","status":"publish","type":"post","link":"https:\/\/www.biblia.work\/noticias\/hoy-es-la-fiesta-de-nuestra-senora-de-la-presentacion-del-quinche\/","title":{"rendered":"Hoy es la Fiesta de Nuestra Se\u00f1ora de la Presentaci\u00f3n del Quinche"},"content":{"rendered":"<p> REDACCI\u00d3N CENTRAL, 21 Nov. 16 (ACI).-<br \/>\n\t\u201cMar\u00eda no protagoniz\u00f3 nada, \u2018discipule\u00f3\u2019 toda su vida. La primera disc\u00edpula de su Hijo y ten\u00eda consciencia de que todo lo que ella hab\u00eda tra\u00eddo al mundo era pura gratuidad de Dios, consciencia de gratuidad\u201d, afirm\u00f3 el Papa Francisco en su encuentro con los sacerdotes y religiosos en Ecuador durante su visita al Santuario de Nuestra Se\u00f1ora de la Presentaci\u00f3n del Quinche en julio de 2015.<\/p>\n<p style=\"text-align: justify\">\n\tLa fiesta de la Virgen del Quinche, Patrona del Ecuador, se celebra el 21 de noviembre y sus devotos la llaman cari\u00f1osamente \u201cla Peque\u00f1ita\u201d. Algunas tradiciones refieren que a fines del siglo XVI la Virgen Mar\u00eda se apareci\u00f3 a unos indios en una cueva y les prometi\u00f3 liberarlos de los osos que devoraban a los ni\u00f1os.<\/p>\n<p style=\"text-align: justify\">\n\tPor otro lado, el artista Don Diego de Robles tall\u00f3 una hermosa escultura de madera de la Virgen Mar\u00eda con el ni\u00f1o en brazos y como los que se la hab\u00edan solicitado no le pagaron, decidi\u00f3 d\u00e1rsela a los indios oyacachis, a cambio de unos tablones de cedro fino para sus trabajos.<\/p>\n<p style=\"text-align: justify\">\n\tLos caciques quedaron asombrados cuando vieron la imagen mariana porque reconocieron en ella los rasgos de la Se\u00f1ora que se les apareci\u00f3 en la cueva. Por quince a\u00f1os la imagen estuvo al cuidado de los indios, hasta que en 1604 el Obispo orden\u00f3 que se trasladara al pueblo del Quinche.<\/p>\n<p style=\"text-align: justify\">\n\tLa imagen mide 62 cent\u00edmetros de alto y lleva hermosos ropajes. El rostro del ni\u00f1o Jes\u00fas evoca las facciones de los peque\u00f1os mestizos del lugar. El color de la Virgen es s\u00edntesis del alma del inca y del espa\u00f1ol. Fue coronada can\u00f3nicamente en 1943 y su templo actual fue declarado Santuario Nacional en 1985.<\/p>\n<p style=\"text-align: justify\">\n\tEn honor de la Virgen del Quinche se han entonado cantos en quechua, castellano, j\u00edbaro y otros dialectos de la regi\u00f3n. Muchos de ellos se cantan desde hace varios siglos. En el mes de noviembre, miles de devotos emprenden una caminata hasta el Santuario para agradecerle a la Madre de Dios o pedirle un favor especial.<\/p>\n<p style=\"text-align: justify\">\n\tQuinche proviene del quechua \u201cQuin\u201d que significa sol y \u201cChi\u201d que quiere decir monte. Antes de la llegada de los espa\u00f1oles en aquella regi\u00f3n estaba ubicado uno de los principales templos dedicados al \u201cdios sol\u201d.<\/p>\n","protected":false},"excerpt":{"rendered":"<p>REDACCI\u00d3N CENTRAL, 21 Nov. 16 (ACI).- \u201cMar\u00eda no protagoniz\u00f3 nada, \u2018discipule\u00f3\u2019 toda su vida. La primera disc\u00edpula de su Hijo y ten\u00eda consciencia de que todo lo que ella hab\u00eda tra\u00eddo al mundo era pura gratuidad de Dios, consciencia de gratuidad\u201d, afirm\u00f3 el Papa Francisco en su encuentro con los sacerdotes y religiosos en Ecuador &hellip; <a href=\"https:\/\/www.biblia.work\/noticias\/hoy-es-la-fiesta-de-nuestra-senora-de-la-presentacion-del-quinche\/\" class=\"more-link\">Continuar leyendo<span class=\"screen-reader-text\"> \u00abHoy es la Fiesta de Nuestra Se\u00f1ora de la Presentaci\u00f3n del Quinche\u00bb<\/span><\/a><\/p>\n","protected":false},"author":1,"featured_media":0,"comment_status":"open","ping_status":"closed","sticky":false,"template":"","format":"standard","meta":{"footnotes":""},"categories":[1],"tags":[],"class_list":["post-9110","post","type-post","status-publish","format-standard","hentry","category-general"],"_links":{"self":[{"href":"https:\/\/www.biblia.work\/noticias\/wp-json\/wp\/v2\/posts\/9110","targetHints":{"allow":["GET"]}}],"collection":[{"href":"https:\/\/www.biblia.work\/noticias\/wp-json\/wp\/v2\/posts"}],"about":[{"href":"https:\/\/www.biblia.work\/noticias\/wp-json\/wp\/v2\/types\/post"}],"author":[{"embeddable":true,"href":"https:\/\/www.biblia.work\/noticias\/wp-json\/wp\/v2\/users\/1"}],"replies":[{"embeddable":true,"href":"https:\/\/www.biblia.work\/noticias\/wp-json\/wp\/v2\/comments?post=9110"}],"version-history":[{"count":0,"href":"https:\/\/www.biblia.work\/noticias\/wp-json\/wp\/v2\/posts\/9110\/revisions"}],"wp:attachment":[{"href":"https:\/\/www.biblia.work\/noticias\/wp-json\/wp\/v2\/media?parent=9110"}],"wp:term":[{"taxonomy":"category","embeddable":true,"href":"https:\/\/www.biblia.work\/noticias\/wp-json\/wp\/v2\/categories?post=9110"},{"taxonomy":"post_tag","embeddable":true,"href":"https:\/\/www.biblia.work\/noticias\/wp-json\/wp\/v2\/tags?post=9110"}],"curies":[{"name":"wp","href":"https:\/\/api.w.org\/{rel}","templated":true}]}}