{"id":9117,"date":"2016-11-21T08:05:03","date_gmt":"2016-11-21T13:05:03","guid":{"rendered":"http:\/\/www.biblia.work\/noticias\/cuanta-gente-participo-del-jubileo-en-todo-el-mundo-aqui-las-cifras-finales\/"},"modified":"2016-11-21T08:05:03","modified_gmt":"2016-11-21T13:05:03","slug":"cuanta-gente-participo-del-jubileo-en-todo-el-mundo-aqui-las-cifras-finales","status":"publish","type":"post","link":"https:\/\/www.biblia.work\/noticias\/cuanta-gente-participo-del-jubileo-en-todo-el-mundo-aqui-las-cifras-finales\/","title":{"rendered":"\u00bfCu\u00e1nta gente particip\u00f3 del Jubileo en todo el mundo? Aqu\u00ed las cifras finales"},"content":{"rendered":"<p> VATICANO, 21 Nov. 16 (ACI).-<br \/>\n\tEl Vaticano ha presentado la nueva Carta Apost&oacute;lica del Papa Francisco &ldquo;Misericordia et misera&rdquo;&nbsp;con la que el Pont&iacute;fice espera que la Iglesia prosiga el camino de la misericordia y la viva de forma tan intensa como en el Jubileo. Adem&aacute;s, ha hecho balance del A&ntilde;o Santo que acaba de concluir.<\/p>\n<p style=\"text-align: justify\">\n\tMons. Rino Fisichella, Presidente del Pontificio Consejo para la Promoci&oacute;n de la Nueva Evangelizaci&oacute;n y encargado de la organizaci&oacute;n del evento, record&oacute; en conferencia de prensa este lunes 21 de noviembre, que el deseo del Papa Francisco era &ldquo;hacer que los creyentes vivieran la experiencia de la misericordia para convertirse en instrumentos de misericordia&rdquo;.<\/p>\n<p style=\"text-align: justify\">\n\t&ldquo;No se puede olvidar que, sin embargo, el Jubileo es esencialmente una experiencia religiosa y espiritual&rdquo;, afirm&oacute; el Presidente del Pontificio Consejo, quien tambi&eacute;n habl&oacute; del recorrido para llegar hasta la Puerta Santa de la Bas&iacute;lica de San Pedro. Este recorrido &ldquo;ten&iacute;a la misi&oacute;n de evidenciar que en medio de la ciudad y los turistas se creara un espacio particular para la peregrinaci&oacute;n, la reflexi&oacute;n, y la oraci&oacute;n&rdquo;.<\/p>\n<p style=\"text-align: justify\">\n\tSobre los llamados Viernes de Misericordia, en los que un viernes al mes el Papa sal&iacute;a del Vaticano y hac&iacute;a alg&uacute;n gesto hacia los m&aacute;s pobres y necesitados, Mons. Fisichella afirm&oacute; que &ldquo;han sorprendido a la opini&oacute;n p&uacute;blica&quot; que &quot;ha sido puesta frente a las nuevas pobrezas de nuestro mundo, pero tambi&eacute;n a la respuesta simple y operativa de la Iglesia&rdquo;.<\/p>\n<p style=\"text-align: justify\">\n\tEl Prelado tambi&eacute;n coment&oacute; que &ldquo;si algunos pensaron que el Jubileo ser&iacute;a en primer lugar una fuente de ganancias, sobre todo en un momento de crisis como el presente, han equivocado su significado m&aacute;s profundo&rdquo;. &ldquo;Me ha disgustado, pero cada cosa tiene su raz&oacute;n de ser&rdquo;, remarc&oacute;. &ldquo;De todas formas, pensar en comprometer un evento como el Jubileo para instrumentalizarlo con fines diferentes no merece r&eacute;plica&rdquo;, a&ntilde;adi&oacute;.<\/p>\n<p style=\"text-align: justify\">\n\tUnos 950 millones de personas atravesaron alguna Puerta Santa<\/p>\n<p style=\"text-align: justify\">\n\tMons. Rino Fisichella ofreci&oacute; esta vez cifras de las personas que han participado en Roma y en otras partes del mundo del Jubileo de la Misericordia. &ldquo;Podemos afirmar con datos seguros que han participado en el Jubileo aqu&iacute; en Roma 21.292.926 peregrinos&rdquo;.<\/p>\n<p style=\"text-align: justify\">\n\tEl grupo m&aacute;s numeroso ha sido el proveniente de Italia, seguido de Alemania, Estados Unidos de Am&eacute;rica, Polonia y Espa&ntilde;a, aunque los fieles llegaron de todas partes del mundo y de pa&iacute;ses como: Rusia, China, Jap&oacute;n, Venezuela, Chad, Ruanda, Angola o Nepal.<\/p>\n<p style=\"text-align: justify\">\n\t&quot;Este Jubileo ha sido el primero que se ha celebrado con un car&aacute;cter universal y gracias a ello los cat&oacute;licos de todo el mundo han podido participar de &eacute;l en las catedrales y bas&iacute;licas de sus di&oacute;cesis&quot;, explic&oacute; el Arzobispo.<\/p>\n<p style=\"text-align: justify\">\n\t&ldquo;En los pa&iacute;ses en los que el catolicismo est&aacute; m&aacute;s enraizado, el porcentaje de fieles que ha atravesado la Puerta Santa super&oacute; el 80% del n&uacute;mero de cat&oacute;licos total&rdquo;. A nivel global y gracias a los datos reunidos por algunas di&oacute;cesis del mundo &ldquo;ha sido posible estimar una participaci&oacute;n media entre el 56 y el 62% de la poblaci&oacute;n cat&oacute;lica&rdquo;.<\/p>\n<p style=\"text-align: justify\">\n\tEn definitiva, &ldquo;entre 900 y 950 millones de fieles han atravesado la Puerta Santa desde el 8 de diciembre de 2015 al mes de noviembre de 2016 en las di&oacute;cesis de todo el mundo&rdquo;.<\/p>\n<p style=\"text-align: justify\">\n\tLos santuarios tambi&eacute;n tuvieron una afluencia de peregrinos m&aacute;s alta de lo normal, asegur&oacute; Mons, Fisichella. Por ejemplo, el Santuario de Cracovia (Polonia) ha sido meta de peregrinaci&oacute;n para 5 millones de cat&oacute;licos; el de Santiago de Compostela (Espa&ntilde;a) bati&oacute; el r&eacute;cord de afluencia y el de Guadalupe (M&eacute;xico) ha visto la presencia de unos 22 millones de peregrinos.<\/p>\n<p style=\"text-align: justify\">\n\tEl que fuera responsable de la organizaci&oacute;n del Jubileo tambi&eacute;n tuvo palabras de agradecimiento hacia los voluntarios. &ldquo;Han sido en total 4.000 de 36 pa&iacute;ses diversos&rdquo;, afirm&oacute;.<\/p>\n<p style=\"text-align: justify\">\n\t&ldquo;El m&aacute;s anciano ha sido un se&ntilde;or de 84 a&ntilde;os mientras que el m&aacute;s joven de 18&rdquo;, revel&oacute;. Muchos de ellos &ldquo;han ofrecido el tiempo de sus vacaciones, sus fiestas o su propio tiempo libre para llevar una ayuda concreta de solidaridad a los peregrinos&rdquo;.<\/p>\n<p style=\"text-align: justify\">\n\tMons. Fisichella tambi&eacute;n destac&oacute; que durante el A&ntilde;o Santo en Roma no se han producido ataques terroristas y agradeci&oacute; a las fuerzas de seguridad su trabajo al respecto.<\/p>\n<p style=\"text-align: justify\">\n\tTambi&eacute;n te puede interesar:&nbsp;<\/p>\n<p style=\"text-align: justify\">\n\t\tTEXTO: Carta Apost&oacute;lica del Papa Francisco &ldquo;Misericordia et misera&rdquo; tras fin del Jubileo https:\/\/t.co\/yeR64jm207<\/p>\n<p>\t&mdash; ACI Prensa (@aciprensa) 21 de noviembre de 2016<\/p>\n<p style=\"text-align: justify\">\n\t&nbsp;<\/p>\n","protected":false},"excerpt":{"rendered":"<p>VATICANO, 21 Nov. 16 (ACI).- El Vaticano ha presentado la nueva Carta Apost&oacute;lica del Papa Francisco &ldquo;Misericordia et misera&rdquo;&nbsp;con la que el Pont&iacute;fice espera que la Iglesia prosiga el camino de la misericordia y la viva de forma tan intensa como en el Jubileo. Adem&aacute;s, ha hecho balance del A&ntilde;o Santo que acaba de concluir. &hellip; <a href=\"https:\/\/www.biblia.work\/noticias\/cuanta-gente-participo-del-jubileo-en-todo-el-mundo-aqui-las-cifras-finales\/\" class=\"more-link\">Continuar leyendo<span class=\"screen-reader-text\"> \u00ab\u00bfCu\u00e1nta gente particip\u00f3 del Jubileo en todo el mundo? Aqu\u00ed las cifras finales\u00bb<\/span><\/a><\/p>\n","protected":false},"author":1,"featured_media":0,"comment_status":"open","ping_status":"closed","sticky":false,"template":"","format":"standard","meta":{"footnotes":""},"categories":[1],"tags":[],"class_list":["post-9117","post","type-post","status-publish","format-standard","hentry","category-general"],"_links":{"self":[{"href":"https:\/\/www.biblia.work\/noticias\/wp-json\/wp\/v2\/posts\/9117","targetHints":{"allow":["GET"]}}],"collection":[{"href":"https:\/\/www.biblia.work\/noticias\/wp-json\/wp\/v2\/posts"}],"about":[{"href":"https:\/\/www.biblia.work\/noticias\/wp-json\/wp\/v2\/types\/post"}],"author":[{"embeddable":true,"href":"https:\/\/www.biblia.work\/noticias\/wp-json\/wp\/v2\/users\/1"}],"replies":[{"embeddable":true,"href":"https:\/\/www.biblia.work\/noticias\/wp-json\/wp\/v2\/comments?post=9117"}],"version-history":[{"count":0,"href":"https:\/\/www.biblia.work\/noticias\/wp-json\/wp\/v2\/posts\/9117\/revisions"}],"wp:attachment":[{"href":"https:\/\/www.biblia.work\/noticias\/wp-json\/wp\/v2\/media?parent=9117"}],"wp:term":[{"taxonomy":"category","embeddable":true,"href":"https:\/\/www.biblia.work\/noticias\/wp-json\/wp\/v2\/categories?post=9117"},{"taxonomy":"post_tag","embeddable":true,"href":"https:\/\/www.biblia.work\/noticias\/wp-json\/wp\/v2\/tags?post=9117"}],"curies":[{"name":"wp","href":"https:\/\/api.w.org\/{rel}","templated":true}]}}