{"id":9118,"date":"2016-11-21T08:05:03","date_gmt":"2016-11-21T13:05:03","guid":{"rendered":"http:\/\/www.biblia.work\/noticias\/robo-sacrilego-es-llamada-a-conversion-eucaristica-dice-obispo-en-acto-de-reparacion\/"},"modified":"2016-11-21T08:05:03","modified_gmt":"2016-11-21T13:05:03","slug":"robo-sacrilego-es-llamada-a-conversion-eucaristica-dice-obispo-en-acto-de-reparacion","status":"publish","type":"post","link":"https:\/\/www.biblia.work\/noticias\/robo-sacrilego-es-llamada-a-conversion-eucaristica-dice-obispo-en-acto-de-reparacion\/","title":{"rendered":"Robo sacr\u00edlego es llamada a conversi\u00f3n eucar\u00edstica, dice Obispo en acto de reparaci\u00f3n"},"content":{"rendered":"<p> MADRID , 21 Nov. 16 (ACI).-<br \/>\n\tEl Obispo de San Sebasti&aacute;n en Espa&ntilde;a, Mons. Jos&eacute; Ignacio Munilla, presidi&oacute; el acto de reparaci&oacute;n por el robo sacr&iacute;lego del Sant&iacute;simo Sacramento en la capilla del cementerio de Polloe en San Sebasti&aacute;n (Espa&ntilde;a) perpetrado el 7 de noviembre.<\/p>\n<p style=\"text-align: justify\">\n\tD&iacute;as despu&eacute;s del robo se encontr&oacute; tanto el sagrario como el cop&oacute;n robados, pero no las formas consagradas que hab&iacute;a en su interior.<\/p>\n<p style=\"text-align: justify\">\n\t\tHomil&iacute;a y Acto de Desagravio por sacrilegio eucar&iacute;stico en el Cementerio de San Sebasti&aacute;n: https:\/\/t.co\/OfTqvCv4rL pic.twitter.com\/kmnlFH3zZf<\/p>\n<p>\t&mdash; Jose Ignacio Munilla (@ObispoMunilla) 20 de noviembre de 2016<\/p>\n<p style=\"text-align: justify\">\n\tEl acto de reparaci&oacute;n que tuvo lugar el domingo 20 de noviembre, en la festividad de Cristo Rey en la misma capilla que fue robada.<\/p>\n<p style=\"text-align: justify\">\n\tEl Prelado anim&oacute; a ver el robo como &ldquo;una llamada a la conversi&oacute;n porque en la providencia de Dios, todo acontece con una finalidad, y esta es una llamada a la conversi&oacute;n eucar&iacute;stica para ayudarnos a vivir con m&aacute;s conciencia y consecuencia la presencia de Jes&uacute;s en la Eucarist&iacute;a&rdquo;.<\/p>\n<p style=\"text-align: justify\">\n\tMons. Munilla tambi&eacute;n precis&oacute; que &ldquo;lo acontecido necesita una mirada de justicia&rdquo;, una &ldquo;exigencia de responsabilidad a quienes tienen la encomienda del bien com&uacute;n, porque el respeto a la libertad religiosa forma parte de uno de los principios que posibilitan la convivencia ciudadana&rdquo;, pero tambi&eacute;n de misericordia por el sacr&iacute;lego&rdquo;.<\/p>\n<p style=\"text-align: justify\">\n\tAnte las graves profanaciones que est&aacute;n teniendo lugar en Espa&ntilde;a en los &uacute;ltimos meses, el Obispo de San Sebasti&aacute;n record&oacute; el archivo de la denuncia presentada por el robo y exposici&oacute;n de m&aacute;s de 200 formas consagradas en Pamplona el pasado a&ntilde;o.<\/p>\n<p style=\"text-align: justify\">\n\tEl &ldquo;artista&rdquo; hab&iacute;a robado el Sant&iacute;simo Sacramento y hab&iacute;a escrito con ellas la palabra &ldquo;pederastia&rdquo; en el suelo.<\/p>\n<p style=\"text-align: justify\">\n\tTras la denuncia presentada por Abogados Cristianos por la ofensa de los sentimientos religiosos, el juez instructor del caso decidi&oacute; recientemente desestimarlo porque &ldquo;lo realizado por el artista entra dentro de la libertad de expresi&oacute;n&rdquo;. A lo que el Prelado apunt&oacute; que si &ldquo;el sacrilegio es libertad de expresi&oacute;n, la corrupci&oacute;n es econom&iacute;a de mercado&rdquo;.<\/p>\n<p style=\"text-align: justify\">\n\t&ldquo;Arrodillados humildemente en tu presencia, tuyos somos y tuyos queremos ser. Nos consagramos a tu Sagrado Coraz&oacute;n&rdquo;, dijo Mons. Munilla durante el acto de reparaci&oacute;n.<\/p>\n<p style=\"text-align: justify\">\n\t&ldquo;Jes&uacute;s, te pedimos especialmente que te compadezcas de quienes realizaron el acto de sacrilegio en esta capilla. Reina Se&ntilde;or, no s&oacute;lo sobre los que no se han separado de Ti sino tambi&eacute;n sobre los hijos pr&oacute;digos, haz que vuelvan pronto a la casa para que no mueran de miseria y hambre&rdquo;, pidi&oacute; el Obispo.<\/p>\n<p style=\"text-align: justify\">\n\t&ldquo;Haz que de un extremo a otro de la Tierra no se oiga m&aacute;s que una sola voz: Alabado sea el Divino Coraz&oacute;n por quien nos ha venido la salvaci&oacute;n. A &Eacute;l la gloria y el honor&rdquo;, rog&oacute;.<\/p>\n<p style=\"text-align: justify\">\n\tTambi&eacute;n te puede interesar: <\/p>\n<p style=\"text-align: justify\">\n\t\tEspa&ntilde;a: Lanzan campa&ntilde;a #RespetaMiFe para la tutela de sentimientos religiosos https:\/\/t.co\/z4THwCqA85<\/p>\n<p>\t&mdash; ACI Prensa (@aciprensa) 17 de noviembre de 2016<\/p>\n","protected":false},"excerpt":{"rendered":"<p>MADRID , 21 Nov. 16 (ACI).- El Obispo de San Sebasti&aacute;n en Espa&ntilde;a, Mons. Jos&eacute; Ignacio Munilla, presidi&oacute; el acto de reparaci&oacute;n por el robo sacr&iacute;lego del Sant&iacute;simo Sacramento en la capilla del cementerio de Polloe en San Sebasti&aacute;n (Espa&ntilde;a) perpetrado el 7 de noviembre. D&iacute;as despu&eacute;s del robo se encontr&oacute; tanto el sagrario como &hellip; <a href=\"https:\/\/www.biblia.work\/noticias\/robo-sacrilego-es-llamada-a-conversion-eucaristica-dice-obispo-en-acto-de-reparacion\/\" class=\"more-link\">Continuar leyendo<span class=\"screen-reader-text\"> \u00abRobo sacr\u00edlego es llamada a conversi\u00f3n eucar\u00edstica, dice Obispo en acto de reparaci\u00f3n\u00bb<\/span><\/a><\/p>\n","protected":false},"author":1,"featured_media":0,"comment_status":"open","ping_status":"closed","sticky":false,"template":"","format":"standard","meta":{"footnotes":""},"categories":[1],"tags":[],"class_list":["post-9118","post","type-post","status-publish","format-standard","hentry","category-general"],"_links":{"self":[{"href":"https:\/\/www.biblia.work\/noticias\/wp-json\/wp\/v2\/posts\/9118","targetHints":{"allow":["GET"]}}],"collection":[{"href":"https:\/\/www.biblia.work\/noticias\/wp-json\/wp\/v2\/posts"}],"about":[{"href":"https:\/\/www.biblia.work\/noticias\/wp-json\/wp\/v2\/types\/post"}],"author":[{"embeddable":true,"href":"https:\/\/www.biblia.work\/noticias\/wp-json\/wp\/v2\/users\/1"}],"replies":[{"embeddable":true,"href":"https:\/\/www.biblia.work\/noticias\/wp-json\/wp\/v2\/comments?post=9118"}],"version-history":[{"count":0,"href":"https:\/\/www.biblia.work\/noticias\/wp-json\/wp\/v2\/posts\/9118\/revisions"}],"wp:attachment":[{"href":"https:\/\/www.biblia.work\/noticias\/wp-json\/wp\/v2\/media?parent=9118"}],"wp:term":[{"taxonomy":"category","embeddable":true,"href":"https:\/\/www.biblia.work\/noticias\/wp-json\/wp\/v2\/categories?post=9118"},{"taxonomy":"post_tag","embeddable":true,"href":"https:\/\/www.biblia.work\/noticias\/wp-json\/wp\/v2\/tags?post=9118"}],"curies":[{"name":"wp","href":"https:\/\/api.w.org\/{rel}","templated":true}]}}