{"id":9119,"date":"2016-11-21T08:05:03","date_gmt":"2016-11-21T13:05:03","guid":{"rendered":"http:\/\/www.biblia.work\/noticias\/confesion-con-sacerdotes-lefebvristas-continuara-siendo-valida-tras-el-jubileo\/"},"modified":"2016-11-21T08:05:03","modified_gmt":"2016-11-21T13:05:03","slug":"confesion-con-sacerdotes-lefebvristas-continuara-siendo-valida-tras-el-jubileo","status":"publish","type":"post","link":"https:\/\/www.biblia.work\/noticias\/confesion-con-sacerdotes-lefebvristas-continuara-siendo-valida-tras-el-jubileo\/","title":{"rendered":"Confesi\u00f3n con sacerdotes lefebvristas continuar\u00e1 siendo v\u00e1lida tras el Jubileo"},"content":{"rendered":"<p> VATICANO, 21 Nov. 16 (ACI).-<br \/>\n\tEl Papa Francisco hab&iacute;a concedido por el A&ntilde;o de la Misericordia que quienes se confiesen con sacerdotes de la Fraternidad Sacerdotal San P&iacute;o X (FSSPX-lefebvristas) &ldquo;recibir&aacute;n v&aacute;lida y l&iacute;citamente la absoluci&oacute;n de sus pecados&rdquo;.<\/p>\n<p style=\"text-align: justify\">\n\tAhora, en la Carta Apost&oacute;lica &ldquo;Misericordia et misera&rdquo;, el Pont&iacute;fice extiende esa concesi&oacute;n &ldquo;por el bien pastoral de estos fieles, y confiando en la buena voluntad de sus sacerdotes, para que se pueda recuperar con la ayuda de Dios, la plena comuni&oacute;n con la Iglesia Cat&oacute;lica&rdquo;.<\/p>\n<p style=\"text-align: justify\">\n\tAs&iacute;, Francisco establece &ldquo;por decisi&oacute;n personal que esta facultad se extienda m&aacute;s all&aacute; del per&iacute;odo jubilar, hasta nueva disposici&oacute;n, de modo que a nadie le falte el signo sacramental de la reconciliaci&oacute;n a trav&eacute;s del perd&oacute;n de la Iglesia&rdquo;.<\/p>\n<p style=\"text-align: justify\">\n\tEl pasado mes de mayo de 2016, el Papa Francisco habl&oacute; sobre la posibilidad de establecer una prelatura personas para la Fraternidad San P&iacute;o X pero en el caso de que aceptasen el Concilio Vaticano II.<\/p>\n<p style=\"text-align: justify\">\n\tDurante la entrevista, el periodista pregunt&oacute; al Santo Padre si &ldquo;estar&iacute;a dispuesto a darles un estatus de prelatura personal&rdquo; a la FSSPX. &ldquo;Ser&iacute;a una soluci&oacute;n posible &ndash;respondi&oacute; Francisco&ndash;, pero primero se necesita establecer con ellos un acuerdo fundamental. El Concilio Vaticano II tiene su valor. Se avanza lentamente, con paciencia&rdquo;.<\/p>\n<p style=\"text-align: justify\">\n\tLa FSSPX fue fundada por el Arzobispo Marcel Lefebvre en 1970, en respuesta a lo que describe como errores en la&nbsp;Iglesia&nbsp;tras el Concilio Vaticano II. Sus relaciones con la&nbsp;Santa Sede&nbsp;se pusieron m&aacute;s tensas en 1988 cuando Mons. Lefebvre consagr&oacute; a cuatro obispos sin permiso de San&nbsp;Juan Pablo II.<\/p>\n<p style=\"text-align: justify\">\n\tLa consagraci&oacute;n il&iacute;cita dio lugar a la excomuni&oacute;n de los cinco obispos.<\/p>\n<p style=\"text-align: justify\">\n\tEn 2009 Benedicto XVI levant&oacute; la excomuni&oacute;n que pesaba sobre ellos y desde entonces las negociaciones entre los lefebvristas y el Vaticano han continuado para &quot;reencontrar la plena comuni&oacute;n con la Iglesia&quot;.<\/p>\n<p style=\"text-align: justify\">\n\tEn abril, la Santa Sede y la FSSPX informaron que hubo en encuentro informal entre el Papa Francisco y el superior general de los lefebvristas, el obispo Bernard Fellay en el Vaticano.<\/p>\n<p style=\"text-align: justify\">\n\tTambi&eacute;n te puede interesar:<\/p>\n<p style=\"text-align: justify\">\n\t\tPapa Francisco: Prelatura personal ser&iacute;a una posibilidad para lefebvristas https:\/\/t.co\/6GvnJiFLzY<\/p>\n<p>\t&mdash; ACI Prensa (@aciprensa) 16 de mayo de 2016<\/p>\n","protected":false},"excerpt":{"rendered":"<p>VATICANO, 21 Nov. 16 (ACI).- El Papa Francisco hab&iacute;a concedido por el A&ntilde;o de la Misericordia que quienes se confiesen con sacerdotes de la Fraternidad Sacerdotal San P&iacute;o X (FSSPX-lefebvristas) &ldquo;recibir&aacute;n v&aacute;lida y l&iacute;citamente la absoluci&oacute;n de sus pecados&rdquo;. Ahora, en la Carta Apost&oacute;lica &ldquo;Misericordia et misera&rdquo;, el Pont&iacute;fice extiende esa concesi&oacute;n &ldquo;por el bien &hellip; <a href=\"https:\/\/www.biblia.work\/noticias\/confesion-con-sacerdotes-lefebvristas-continuara-siendo-valida-tras-el-jubileo\/\" class=\"more-link\">Continuar leyendo<span class=\"screen-reader-text\"> \u00abConfesi\u00f3n con sacerdotes lefebvristas continuar\u00e1 siendo v\u00e1lida tras el Jubileo\u00bb<\/span><\/a><\/p>\n","protected":false},"author":1,"featured_media":0,"comment_status":"open","ping_status":"closed","sticky":false,"template":"","format":"standard","meta":{"footnotes":""},"categories":[1],"tags":[],"class_list":["post-9119","post","type-post","status-publish","format-standard","hentry","category-general"],"_links":{"self":[{"href":"https:\/\/www.biblia.work\/noticias\/wp-json\/wp\/v2\/posts\/9119","targetHints":{"allow":["GET"]}}],"collection":[{"href":"https:\/\/www.biblia.work\/noticias\/wp-json\/wp\/v2\/posts"}],"about":[{"href":"https:\/\/www.biblia.work\/noticias\/wp-json\/wp\/v2\/types\/post"}],"author":[{"embeddable":true,"href":"https:\/\/www.biblia.work\/noticias\/wp-json\/wp\/v2\/users\/1"}],"replies":[{"embeddable":true,"href":"https:\/\/www.biblia.work\/noticias\/wp-json\/wp\/v2\/comments?post=9119"}],"version-history":[{"count":0,"href":"https:\/\/www.biblia.work\/noticias\/wp-json\/wp\/v2\/posts\/9119\/revisions"}],"wp:attachment":[{"href":"https:\/\/www.biblia.work\/noticias\/wp-json\/wp\/v2\/media?parent=9119"}],"wp:term":[{"taxonomy":"category","embeddable":true,"href":"https:\/\/www.biblia.work\/noticias\/wp-json\/wp\/v2\/categories?post=9119"},{"taxonomy":"post_tag","embeddable":true,"href":"https:\/\/www.biblia.work\/noticias\/wp-json\/wp\/v2\/tags?post=9119"}],"curies":[{"name":"wp","href":"https:\/\/api.w.org\/{rel}","templated":true}]}}