{"id":9125,"date":"2016-11-21T11:15:02","date_gmt":"2016-11-21T16:15:02","guid":{"rendered":"http:\/\/www.biblia.work\/noticias\/los-reyes-de-espana-visitan-la-sede-de-la-conferencia-episcopal\/"},"modified":"2016-11-21T11:15:02","modified_gmt":"2016-11-21T16:15:02","slug":"los-reyes-de-espana-visitan-la-sede-de-la-conferencia-episcopal","status":"publish","type":"post","link":"https:\/\/www.biblia.work\/noticias\/los-reyes-de-espana-visitan-la-sede-de-la-conferencia-episcopal\/","title":{"rendered":"Los reyes de Espa\u00f1a visitan la sede de la Conferencia Episcopal"},"content":{"rendered":"<p style=\"text-align: justify\">(ZENIT &#8211; Roma).- La Asamblea Plenaria de la Conferencia Episcopal Espa\u00f1ola (CEE) celebra del lunes 21 al viernes 25 de noviembre\u00a0su\u00a0108\u00ba\u00a0reuni\u00f3n. El arzobispo de Valladolid y presidente de la CEE, el cardenal\u00a0Ricardo Bl\u00e1zquez P\u00e9rez, ha abierto esta ma\u00f1ana la\u00a0Asamblea\u00a0con el discurso inaugural.<\/p>\n<div class=\"post-content\">\n<p style=\"text-align: justify\">Durante esta reuni\u00f3n de los obispos espa\u00f1oles, los reyes realizar\u00e1n una visita a la Asamblea Plenaria con motivo del 50\u00ba aniversario de la Conferencia Episcopal Espa\u00f1ola,\u00a0el martes por la ma\u00f1ana.<\/p>\n<p style=\"text-align: justify\">Los reyes responden as\u00ed &#8211;indica el comunicado de la CEE&#8211; a la invitaci\u00f3n cursada por el cardenal Ricardo Bl\u00e1zquez, en un encuentro anterior con Felipe VI. \u00a0Los reyes llegar\u00e1n a la Conferencia Episcopal a las 12 del mediod\u00eda, donde ser\u00e1n recibidos por el presidente de la CEE y el secretario general. Tras una visita a la capilla, se encontrar\u00e1n con los obispos espa\u00f1oles en el sal\u00f3n de la Plenaria. All\u00ed tanto \u00a0el presidente de la CEE como el rey pronunciar\u00e1n sendos discursos.<\/p>\n<p style=\"text-align: justify\">Durante esta semana de Plenaria los obispos trabajar\u00e1n principalmente sobre tres temas. En primer lugar, &#8220;estudio sobre la misi\u00f3n de los formadores y directores espirituales en la formaci\u00f3n integral de los candidatos al sacerdocio&#8221;. En segundo lugar, el \u00a0&#8220;estudio de la situaci\u00f3n actual del clero en Espa\u00f1a, sobre el que est\u00e1 trabajando la Comisi\u00f3n Episcopal del Clero&#8221;. Y finalmente &#8220;la subcomisi\u00f3n Episcopal para la Familia y la Defensa de la Vida ofrecer\u00e1 una reflexi\u00f3n sobre la pastoral familiar a la luz de la Exhortaci\u00f3n PostSinodal \u201c<em><i>Amoris Laetitia<\/i><\/em>\u201d.<\/p>\n<p style=\"text-align: justify\">Adem\u00e1s, como es habitual en la Plenaria de noviembre, &#8220;se presentar\u00e1n para su aprobaci\u00f3n los balances y liquidaci\u00f3n presupuestaria del a\u00f1o 2015, los criterios de constituci\u00f3n y distribuci\u00f3n del Fondo Com\u00fan Interdiocesano y los presupuestos de la CEE y de los organismos que de ella dependen para el a\u00f1o 2017&#8221;.<\/p>\n<p style=\"text-align: justify\">Finalmente, los obispos tratar\u00e1n diversos asuntos de seguimiento, se repasar\u00e1n las actividades de las distintas Comisiones Episcopales y se proceder\u00e1 a la aprobaci\u00f3n de distintas asociaciones Nacionales.<\/p>\n<\/div>\n<p><span class=\"et_bloom_bottom_trigger\"><\/span><\/p>\n<p><a href=\"https:\/\/es.zenit.org\/\" target=\"_blank\" rel=\"nofollow\">Fuente: es.zenit.org<\/a><\/p>\n","protected":false},"excerpt":{"rendered":"<p>(ZENIT &#8211; Roma).- La Asamblea Plenaria de la Conferencia Episcopal Espa\u00f1ola (CEE) celebra del lunes 21 al viernes 25 de noviembre\u00a0su\u00a0108\u00ba\u00a0reuni\u00f3n. El arzobispo de Valladolid y presidente de la CEE, el cardenal\u00a0Ricardo Bl\u00e1zquez P\u00e9rez, ha abierto esta ma\u00f1ana la\u00a0Asamblea\u00a0con el discurso inaugural. Durante esta reuni\u00f3n de los obispos espa\u00f1oles, los reyes realizar\u00e1n una visita a &hellip; <a href=\"https:\/\/www.biblia.work\/noticias\/los-reyes-de-espana-visitan-la-sede-de-la-conferencia-episcopal\/\" class=\"more-link\">Continuar leyendo<span class=\"screen-reader-text\"> \u00abLos reyes de Espa\u00f1a visitan la sede de la Conferencia Episcopal\u00bb<\/span><\/a><\/p>\n","protected":false},"author":1,"featured_media":0,"comment_status":"open","ping_status":"closed","sticky":false,"template":"","format":"standard","meta":{"footnotes":""},"categories":[1],"tags":[],"class_list":["post-9125","post","type-post","status-publish","format-standard","hentry","category-general"],"_links":{"self":[{"href":"https:\/\/www.biblia.work\/noticias\/wp-json\/wp\/v2\/posts\/9125","targetHints":{"allow":["GET"]}}],"collection":[{"href":"https:\/\/www.biblia.work\/noticias\/wp-json\/wp\/v2\/posts"}],"about":[{"href":"https:\/\/www.biblia.work\/noticias\/wp-json\/wp\/v2\/types\/post"}],"author":[{"embeddable":true,"href":"https:\/\/www.biblia.work\/noticias\/wp-json\/wp\/v2\/users\/1"}],"replies":[{"embeddable":true,"href":"https:\/\/www.biblia.work\/noticias\/wp-json\/wp\/v2\/comments?post=9125"}],"version-history":[{"count":0,"href":"https:\/\/www.biblia.work\/noticias\/wp-json\/wp\/v2\/posts\/9125\/revisions"}],"wp:attachment":[{"href":"https:\/\/www.biblia.work\/noticias\/wp-json\/wp\/v2\/media?parent=9125"}],"wp:term":[{"taxonomy":"category","embeddable":true,"href":"https:\/\/www.biblia.work\/noticias\/wp-json\/wp\/v2\/categories?post=9125"},{"taxonomy":"post_tag","embeddable":true,"href":"https:\/\/www.biblia.work\/noticias\/wp-json\/wp\/v2\/tags?post=9125"}],"curies":[{"name":"wp","href":"https:\/\/api.w.org\/{rel}","templated":true}]}}