{"id":9126,"date":"2016-11-21T11:15:02","date_gmt":"2016-11-21T16:15:02","guid":{"rendered":"http:\/\/www.biblia.work\/noticias\/el-papa-tiene-alergia-a-los-aduladores\/"},"modified":"2016-11-21T11:15:02","modified_gmt":"2016-11-21T16:15:02","slug":"el-papa-tiene-alergia-a-los-aduladores","status":"publish","type":"post","link":"https:\/\/www.biblia.work\/noticias\/el-papa-tiene-alergia-a-los-aduladores\/","title":{"rendered":"El Papa tiene \u201calergia\u201d a los aduladores"},"content":{"rendered":"<p style=\"text-align: justify\"><span style=\"font-weight: 400\">(ZENIT &#8211; Ciudad del Vaticano).- El papa Francisco concedi\u00f3 una nueva entrevista, esta vez a TV2000 y a InBluRadio, \u00a0de la Conferencia Episcopal Italiana, en ocasi\u00f3n de la clausura del A\u00f1o Santo de la Misericordia. <\/span><span style=\"font-weight: 400\">De este modo, el Santo Padre reflexiona sobre el Jubileo y los \u201cviernes de la misericordia\u201d y otros temas como la \u201cpastoral con los presos\u201d o la \u201cidolatr\u00eda del dinero\u201d. Adem\u00e1s cuenta su &#8220;secreto&#8221; para no sufrir estr\u00e9s y reconoce sentir &#8220;alergia&#8221; contra los &#8220;aduladores&#8221;.<\/span><\/p>\n<p style=\"text-align: justify\"><span style=\"font-weight: 400\">El A\u00f1o de la Misericordia, observa el Papa en la entrevista era \u201cuna necesidad para este mundo que creo tiene la enfermedad del descarte, la enfermedad de cerrar el coraz\u00f3n, del ego\u00edsmo\u201d. Y asegura que \u201cha abierto el coraz\u00f3n y mucha gente se ha encontrado con Jes\u00fas\u201d. <\/span><\/p>\n<p style=\"text-align: justify\"><span style=\"font-weight: 400\">Respecto a los viernes de la misericordia, el Pont\u00edfice recuerda de forma espacial dos situaciones. La primera es cuando visit\u00f3 a las mujeres que est\u00e1n siendo rescatadas de la prostituci\u00f3n. Menciona a una procedente de \u00c1frica. \u201cEstaba embarazada. No solo hab\u00eda sufrido la explotaci\u00f3n, sino que incluso la hab\u00edan sometido a palizas y torturas\u201d, y a\u00f1ade que adem\u00e1s dio una vez a luz sola, en invierno, en la calle. A esta mujer \u201cun d\u00eda le cortaron una oreja porque no hab\u00eda ganado lo suficiente\u201d, lamenta. Otro momento que recuerda especialmente de los viernes de la misericordia es el d\u00eda que fue a acompa\u00f1ar en los dos extremos de la vida: enfermos terminales y neonatos. En la sala de maternidad encontr\u00f3 a una mujer llorado, delante de sus hijos gemelos, el tercero hab\u00eda muerto. \u201cEntonces pens\u00e9 en esa costumbre de deshacerse de los ni\u00f1os antes de que nazcan, ese horrendo crimen. Se deshacen de ellos porque les resulta mejor as\u00ed, porque es m\u00e1s c\u00f3modo. Es una responsabilidad muy grande, es un pecado grav\u00edsimo\u201d, subraya el Santo Padre en la entrevista. \u00a0<\/span><\/p>\n<p style=\"text-align: justify\"><span style=\"font-weight: 400\">Por otro lado, el Papa recuerda una vez m\u00e1s que \u201cel enemigo m\u00e1s grande de Dios es el dinero\u201d. <\/span><span style=\"font-weight: 400\">El dinero &#8211;asegura&#8211; es un instrumento hecho para servir, y la pobreza est\u00e1 en el coraz\u00f3n del Evangelio y Jes\u00fas habla de este desencuentro: dos se\u00f1ores, dos jefes. <\/span><\/p>\n<p style=\"text-align: justify\"><span style=\"font-weight: 400\">Respondiendo a una pregunta sobre \u201ccu\u00e1les son las tentaciones de un Papa\u201d, Francisco precisa que \u201cson las tentaciones de cualquier persona\u201d. Adem\u00e1s, recuerda que \u201clas tentaciones nos acompa\u00f1an hasta el \u00faltimo momento\u201d. <\/span><\/p>\n<p style=\"text-align: justify\"><span style=\"font-weight: 400\">Otro tema abordado fue la labor con los presos. Por eso, el Santo Padre insiste en que \u201csi una pena no tiene esperanza no es una pena cristiana, no es humana\u201d. Por eso &#8211;asegura&#8211; la pena de muerte no est\u00e1 bien.<\/span><\/p>\n<p style=\"text-align: justify\"><span style=\"font-weight: 400\">Haciendo referencia a la obra de misericordia \u201csoportar pacientemente a las personas molestas\u201d, pregunta al Papa \u201c\u00bfqu\u00e9 le resulta m\u00e1s dif\u00edcil de soportar: los insultos de sus detractores o la fingida admiraci\u00f3n de sus aduladores?\u201d A lo que Francisco responde que tiene \u201calergia de los aduladores\u201d. Porque &#8211;explica&#8211; adular a otro es usar a una persona para un uso, de forma oculta o visible, pero para conseguir algo para s\u00ed mismo. Es indigno. En cuanto a los detractores observa que \u201clos detractores hablan mal de m\u00ed porque me lo merezco, porque soy un pecador: o al menos eso quiero pensar (risas)\u201d. <\/span><\/p>\n<p style=\"text-align: justify\"><span style=\"font-weight: 400\">Para concluir la entrevista, el Santo Padre responde a una pregunta sobre c\u00f3mo afrontar el \u201cestr\u00e9s\u201d. \u201cNo s\u00e9 c\u00f3mo lo hago, pero\u2026 yo rezo: eso me ayuda mucho. Oro. La oraci\u00f3n es una ayuda para m\u00ed, es estar con el Se\u00f1or\u201d, afirma el Pont\u00edfice. Adem\u00e1s \u201cduermo bien\u201d, reconoce. Y asegura que el d\u00eda de las r\u00e9plicas del terremoto no sinti\u00f3 nada. <\/span><\/p>\n<p><span class=\"et_bloom_bottom_trigger\"><\/span><\/p>\n<p><a href=\"https:\/\/es.zenit.org\/\" target=\"_blank\" rel=\"nofollow\">Fuente: es.zenit.org<\/a><\/p>\n","protected":false},"excerpt":{"rendered":"<p>(ZENIT &#8211; Ciudad del Vaticano).- El papa Francisco concedi\u00f3 una nueva entrevista, esta vez a TV2000 y a InBluRadio, \u00a0de la Conferencia Episcopal Italiana, en ocasi\u00f3n de la clausura del A\u00f1o Santo de la Misericordia. De este modo, el Santo Padre reflexiona sobre el Jubileo y los \u201cviernes de la misericordia\u201d y otros temas como &hellip; <a href=\"https:\/\/www.biblia.work\/noticias\/el-papa-tiene-alergia-a-los-aduladores\/\" class=\"more-link\">Continuar leyendo<span class=\"screen-reader-text\"> \u00abEl Papa tiene \u201calergia\u201d a los aduladores\u00bb<\/span><\/a><\/p>\n","protected":false},"author":1,"featured_media":0,"comment_status":"open","ping_status":"closed","sticky":false,"template":"","format":"standard","meta":{"footnotes":""},"categories":[1],"tags":[],"class_list":["post-9126","post","type-post","status-publish","format-standard","hentry","category-general"],"_links":{"self":[{"href":"https:\/\/www.biblia.work\/noticias\/wp-json\/wp\/v2\/posts\/9126","targetHints":{"allow":["GET"]}}],"collection":[{"href":"https:\/\/www.biblia.work\/noticias\/wp-json\/wp\/v2\/posts"}],"about":[{"href":"https:\/\/www.biblia.work\/noticias\/wp-json\/wp\/v2\/types\/post"}],"author":[{"embeddable":true,"href":"https:\/\/www.biblia.work\/noticias\/wp-json\/wp\/v2\/users\/1"}],"replies":[{"embeddable":true,"href":"https:\/\/www.biblia.work\/noticias\/wp-json\/wp\/v2\/comments?post=9126"}],"version-history":[{"count":0,"href":"https:\/\/www.biblia.work\/noticias\/wp-json\/wp\/v2\/posts\/9126\/revisions"}],"wp:attachment":[{"href":"https:\/\/www.biblia.work\/noticias\/wp-json\/wp\/v2\/media?parent=9126"}],"wp:term":[{"taxonomy":"category","embeddable":true,"href":"https:\/\/www.biblia.work\/noticias\/wp-json\/wp\/v2\/categories?post=9126"},{"taxonomy":"post_tag","embeddable":true,"href":"https:\/\/www.biblia.work\/noticias\/wp-json\/wp\/v2\/tags?post=9126"}],"curies":[{"name":"wp","href":"https:\/\/api.w.org\/{rel}","templated":true}]}}