{"id":9141,"date":"2016-11-21T15:05:02","date_gmt":"2016-11-21T20:05:02","guid":{"rendered":"http:\/\/www.biblia.work\/noticias\/que-es-el-adviento-y-como-podemos-vivirlo\/"},"modified":"2016-11-21T15:05:02","modified_gmt":"2016-11-21T20:05:02","slug":"que-es-el-adviento-y-como-podemos-vivirlo","status":"publish","type":"post","link":"https:\/\/www.biblia.work\/noticias\/que-es-el-adviento-y-como-podemos-vivirlo\/","title":{"rendered":"\u00bfQu\u00e9 es el Adviento y c\u00f3mo podemos vivirlo?"},"content":{"rendered":"<p> REDACCI\u00d3N CENTRAL, 21 Nov. 16 (ACI).-<br \/>\n\tEl Adviento es el tiempo de preparaci&oacute;n para celebrar la Navidad y comienza cuatro domingos antes de esta fiesta. Adem&aacute;s marca el inicio del Nuevo A&ntilde;o Lit&uacute;rgico cat&oacute;lico y este 2016 empezar&aacute; el domingo 27 de noviembre.<\/p>\n<p style=\"text-align: justify\">\n\tAdviento viene del lat&iacute;n &ldquo;ad-venio&rdquo;, que quiere decir &ldquo;venir, llegar&rdquo;. Comienza el domingo m&aacute;s cercano a la fiesta de San Andr&eacute;s Ap&oacute;stol (30 de noviembre) y dura cuatro semanas.<\/p>\n<p>\tEl Adviento est&aacute; dividido en dos partes: las primeras dos semanas sirven para meditar sobre la venida final del Se&ntilde;or, cuando ocurra el fin del mundo; mientras que las dos siguientes sirven para reflexionar concretamente sobre el nacimiento de Jes&uacute;s y su irrupci&oacute;n en la historia del hombre en Navidad.<br \/>\n(function(d, s, id) {  var js, fjs = d.getElementsByTagName(s)[0];  if (d.getElementById(id)) return;  js = d.createElement(s); js.id = id;  js.src = \u00ab\/\/connect.facebook.net\/en_US\/sdk.js#xfbml=1&amp;version=v2.3\u00bb;  fjs.parentNode.insertBefore(js, fjs);}(document, &#8216;script&#8217;, &#8216;facebook-jssdk&#8217;));<\/p>\n<p>\t\t\tEl Adviento en 1 minuto<\/p>\n<p style=\"text-align: justify\">\n\t\t\t\tMuchos comercios ya lucen decoraciones navide&ntilde;as y nos bombardean con publicidad. Aqu&iacute; te explicamos de qu&eacute; trata realmente el Adviento y en qui&eacute;n debe estar nuestro coraz&oacute;n.<\/p>\n<p>\t\t\tPosted by ACI Prensa on Wednesday, November 18, 2015<\/p>\n<p style=\"text-align: justify\">\n\tEn los templos y casas se colocan las coronas de Adviento y se va encendiendo una vela por cada domingo. Asimismo, los ornamentos del sacerdote y los manteles del altar se tornan de color morado como s&iacute;mbolo de preparaci&oacute;n y penitencia.<\/p>\n<p style=\"text-align: justify\">\n\tMuchos cat&oacute;licos conocen del Adviento, pero tal vez las preocupaciones en el trabajo, los ex&aacute;menes en la escuela, los ensayos con el coro o el teatro de Navidad, el armado del nacimiento o pesebre y la compra de regalos, hacen que se olvide el verdadero sentido de este tiempo.<\/p>\n<p style=\"text-align: justify\">\n\tPor ello, ACI Prensa ha preparado una secci&oacute;n especial con diversos recursos para vivir el Adviento, entre los que est&aacute; c&oacute;mo armar la corona y bendecirla, la liturgia familiar para cada domingo, video, oraciones, im&aacute;genes, el Rosario de Adviento, reflexiones de San Juan Pablo II, etc.<\/p>\n<p style=\"text-align: justify\">\n\tM&aacute;s informaci&oacute;n:<\/p>\n<p>\t\t&iquest;Qu&eacute; es el Adviento?<\/p>\n<p>\t\tLa Corona de Adviento<\/p>\n<p>\t\tBendici&oacute;n de la Corona de Adviento<\/p>\n<p>\t\tEsquema del Adviento 2016<\/p>\n<p>\t\tIdeas para vivir el Adviento<\/p>\n<p>\t\tRosario de Adviento<\/p>\n<p>\t\tAdviento en la Enciclopedia Cat&oacute;lica<\/p>\n<p>\t\tLiturgias Familiares de Adviento<\/p>\n<p>\t\tCalendario Lit&uacute;rgico de Adviento 2016<\/p>\n<p>\t\tLos Personajes del Adviento<\/p>\n<p>\t\tHistorias para compartir sobre el Adviento<\/p>\n<p>\t\tReflexiones y Catequesis de Adviento<\/p>\n<p>\t\tRecursos teol&oacute;gicos y lit&uacute;rgicos<\/p>\n<p>\t\tLecturas de los Padres de la Iglesia<\/p>\n<p>\t\tEspecial de Adviento<\/p>\n<p style=\"text-align: justify\">\n\tTambi&eacute;n te puede interesar:<\/p>\n<p style=\"text-align: justify\">\n\t\tDescarga aqu&iacute; la Carta Apost&oacute;lica Misericordia et misera del Papa Francisco https:\/\/t.co\/yeR64jDDoH<\/p>\n<p>\t&mdash; ACI Prensa (@aciprensa) 21 de noviembre de 2016<\/p>\n<p style=\"text-align: justify\">\n\t&nbsp;<\/p>\n","protected":false},"excerpt":{"rendered":"<p>REDACCI\u00d3N CENTRAL, 21 Nov. 16 (ACI).- El Adviento es el tiempo de preparaci&oacute;n para celebrar la Navidad y comienza cuatro domingos antes de esta fiesta. Adem&aacute;s marca el inicio del Nuevo A&ntilde;o Lit&uacute;rgico cat&oacute;lico y este 2016 empezar&aacute; el domingo 27 de noviembre. Adviento viene del lat&iacute;n &ldquo;ad-venio&rdquo;, que quiere decir &ldquo;venir, llegar&rdquo;. Comienza el &hellip; <a href=\"https:\/\/www.biblia.work\/noticias\/que-es-el-adviento-y-como-podemos-vivirlo\/\" class=\"more-link\">Continuar leyendo<span class=\"screen-reader-text\"> \u00ab\u00bfQu\u00e9 es el Adviento y c\u00f3mo podemos vivirlo?\u00bb<\/span><\/a><\/p>\n","protected":false},"author":1,"featured_media":0,"comment_status":"open","ping_status":"closed","sticky":false,"template":"","format":"standard","meta":{"footnotes":""},"categories":[1],"tags":[],"class_list":["post-9141","post","type-post","status-publish","format-standard","hentry","category-general"],"_links":{"self":[{"href":"https:\/\/www.biblia.work\/noticias\/wp-json\/wp\/v2\/posts\/9141","targetHints":{"allow":["GET"]}}],"collection":[{"href":"https:\/\/www.biblia.work\/noticias\/wp-json\/wp\/v2\/posts"}],"about":[{"href":"https:\/\/www.biblia.work\/noticias\/wp-json\/wp\/v2\/types\/post"}],"author":[{"embeddable":true,"href":"https:\/\/www.biblia.work\/noticias\/wp-json\/wp\/v2\/users\/1"}],"replies":[{"embeddable":true,"href":"https:\/\/www.biblia.work\/noticias\/wp-json\/wp\/v2\/comments?post=9141"}],"version-history":[{"count":0,"href":"https:\/\/www.biblia.work\/noticias\/wp-json\/wp\/v2\/posts\/9141\/revisions"}],"wp:attachment":[{"href":"https:\/\/www.biblia.work\/noticias\/wp-json\/wp\/v2\/media?parent=9141"}],"wp:term":[{"taxonomy":"category","embeddable":true,"href":"https:\/\/www.biblia.work\/noticias\/wp-json\/wp\/v2\/categories?post=9141"},{"taxonomy":"post_tag","embeddable":true,"href":"https:\/\/www.biblia.work\/noticias\/wp-json\/wp\/v2\/tags?post=9141"}],"curies":[{"name":"wp","href":"https:\/\/api.w.org\/{rel}","templated":true}]}}